{"id":22667,"date":"2024-07-02T12:43:52","date_gmt":"2024-07-02T17:43:52","guid":{"rendered":"https:\/\/podernacional.com\/?p=22667"},"modified":"2024-07-02T17:43:53","modified_gmt":"2024-07-02T17:43:53","slug":"amlo-anuncia-despliegue-del-ejercito-en-quintana-roo-por-huracan-beryl","status":"publish","type":"post","link":"https:\/\/podernacional.com\/?p=22667","title":{"rendered":"AMLO anuncia despliegue del Ej\u00e9rcito en Quintana Roo por hurac\u00e1n Beryl"},"content":{"rendered":"<p>El presidente Andr\u00e9s Manuel L\u00f3pez Obrador inform\u00f3 este martes que Quintana Roo ya se prepara para el impacto del hurac\u00e1n Beryl, previsto para tocar tierra en las \u00faltimas horas del jueves 4 o la madrugada del viernes 5 de julio.<\/p>\n<p>Seg\u00fan el Servicio Meteorol\u00f3gico Nacional (SMN), el hurac\u00e1n podr\u00eda afectar severamente la regi\u00f3n, y el mandatario asegur\u00f3 que el Ej\u00e9rcito Mexicano ha sido desplegado en la entidad para atender cualquier emergencia.<\/p>\n<p>L\u00f3pez Obrador destac\u00f3 que se ha implementado un plan detallado de Protecci\u00f3n Civil para evacuar a los pobladores y resguardar su integridad.<\/p>\n<p>\u201cNo hay ninguna certeza de que va a llegar con fuerza, y de que va a entrar por Chetumal o por alg\u00fan pueblo, todav\u00eda no hay nada eso, se espera que sea hasta pasado ma\u00f1ana, por la noche del jueves o viernes en la madrugada. Ya estamos trabajando en todo lo preventivo, para que cuando se requiera, vamos a avisar para la protecci\u00f3n. Que desde ahora se piense que lo material siempre se recupera, si se da el aviso de evacuar, esto ser\u00e1 ordenado y tendremos camiones y todo lo que se requiera, vamos a buscar partes altas. No es lo mejor (permanecer en) Chetumal y Bacalar, tenemos que cuidarlos\u201d, declar\u00f3 en La Ma\u00f1anera.<\/p>\n<p>La coordinaci\u00f3n Estatal de Protecci\u00f3n Civil, bas\u00e1ndose en la informaci\u00f3n emitida por el Centro Nacional de Huracanes de Miami, Florida, y difundida por el Servicio Meteorol\u00f3gico Nacional, inform\u00f3 sobre el seguimiento y vigilancia del hurac\u00e1n Beryl.<\/p>\n<p>Actualmente, el centro del hurac\u00e1n, clasificado como categor\u00eda 5 en la escala Saffir-Simpson, se localiza a 375 km al sureste de la Isla Beata y a 2,000 km al este-sureste de Canc\u00fan, Quintana Roo.<\/p>\n<p>Beryl presenta vientos m\u00e1ximos sostenidos de 260 km\/h, rachas de 315 km\/h y se desplaza hacia el oeste-noroeste a 35 km\/h. Por el momento, no representa peligro inmediato para las costas del estado, pero se ha emitido una Alerta Verde para Quintana Roo.<\/p>\n","protected":false},"excerpt":{"rendered":"<p>El presidente Andr\u00e9s Manuel L\u00f3pez Obrador inform\u00f3 este martes que Quintana Roo ya se prepara para el impacto del hurac\u00e1n Beryl, previsto para tocar tierra en las \u00faltimas horas del jueves 4 o la madrugada del viernes 5 de julio. Seg\u00fan el Servicio Meteorol\u00f3gico Nacional (SMN), el hurac\u00e1n podr\u00eda afectar severamente la regi\u00f3n, y el [&hellip;]<\/p>\n","protected":false},"author":1,"featured_media":22669,"comment_status":"open","ping_status":"closed","sticky":false,"template":"","format":"standard","meta":{"footnotes":""},"categories":[7],"tags":[],"class_list":["post-22667","post","type-post","status-publish","format-standard","has-post-thumbnail","hentry","category-nacional"],"_links":{"self":[{"href":"https:\/\/podernacional.com\/index.php?rest_route=\/wp\/v2\/posts\/22667","targetHints":{"allow":["GET"]}}],"collection":[{"href":"https:\/\/podernacional.com\/index.php?rest_route=\/wp\/v2\/posts"}],"about":[{"href":"https:\/\/podernacional.com\/index.php?rest_route=\/wp\/v2\/types\/post"}],"author":[{"embeddable":true,"href":"https:\/\/podernacional.com\/index.php?rest_route=\/wp\/v2\/users\/1"}],"replies":[{"embeddable":true,"href":"https:\/\/podernacional.com\/index.php?rest_route=%2Fwp%2Fv2%2Fcomments&post=22667"}],"version-history":[{"count":1,"href":"https:\/\/podernacional.com\/index.php?rest_route=\/wp\/v2\/posts\/22667\/revisions"}],"predecessor-version":[{"id":22668,"href":"https:\/\/podernacional.com\/index.php?rest_route=\/wp\/v2\/posts\/22667\/revisions\/22668"}],"wp:featuredmedia":[{"embeddable":true,"href":"https:\/\/podernacional.com\/index.php?rest_route=\/wp\/v2\/media\/22669"}],"wp:attachment":[{"href":"https:\/\/podernacional.com\/index.php?rest_route=%2Fwp%2Fv2%2Fmedia&parent=22667"}],"wp:term":[{"taxonomy":"category","embeddable":true,"href":"https:\/\/podernacional.com\/index.php?rest_route=%2Fwp%2Fv2%2Fcategories&post=22667"},{"taxonomy":"post_tag","embeddable":true,"href":"https:\/\/podernacional.com\/index.php?rest_route=%2Fwp%2Fv2%2Ftags&post=22667"}],"curies":[{"name":"wp","href":"https:\/\/api.w.org\/{rel}","templated":true}]}}