{"id":22771,"date":"2024-07-08T16:13:59","date_gmt":"2024-07-08T21:13:59","guid":{"rendered":"https:\/\/podernacional.com\/?p=22771"},"modified":"2024-07-08T21:14:01","modified_gmt":"2024-07-08T21:14:01","slug":"establece-ana-paty-linea-de-trabajo-para-garantizar-el-bienestar-de-los-cancunenses","status":"publish","type":"post","link":"https:\/\/podernacional.com\/?p=22771","title":{"rendered":"Establece Ana Paty l\u00ednea de trabajo para garantizar el bienestar de los cancunenses"},"content":{"rendered":"<p>Canc\u00fan, Q. R., a 08 de julio de 2024.- La Presidenta Municipal, Ana Paty Peralta, sostuvo una reuni\u00f3n de gabinete con los diversos titulares de las Secretar\u00edas y Direcciones que conforman el gobierno municipal, para reiterar la ruta de trabajo a seguir en beneficio de construir una mejor ciudad, con prosperidad compartida y bienestar para las familias.<\/p>\n<p>Como parte de su primera actividad, al regresar de su licencia legal, la Alcaldesa mantuvo un encuentro con el Pablo Guti\u00e9rrez Fern\u00e1ndez, que fungi\u00f3 como Encargado de Despacho de la Presidencia Municipal de Benito Ju\u00e1rez, y a quien reconoci\u00f3 la gran labor desempe\u00f1ada, su compromiso con los cancunenses durante tres meses, as\u00ed como su liderazgo.<\/p>\n<p>Entre sus prioridades, Ana Paty Peralta refiri\u00f3 la necesidad de reforzar los servicios de salud, la movilidad, la seguridad, los espacios p\u00fablicos y programas sociales; crear una comunidad con mayor inclusi\u00f3n, que llegue a todos los rincones.<\/p>\n<p>Inform\u00f3 que durante esta semana trabajar\u00e1 en inaugurar nuevos trabajos de construcci\u00f3n de infraestructura urbana y deportiva, as\u00ed como en la supervisi\u00f3n de obras vigentes y la reactivaci\u00f3n de las Jornadas de Atenci\u00f3n Ciudadana \u201cCanc\u00fan nos une\u201d, que se efectuar\u00e1n cada semana, comenzando este jueves en la Supermanzana 260.<\/p>\n","protected":false},"excerpt":{"rendered":"<p>Canc\u00fan, Q. R., a 08 de julio de 2024.- La Presidenta Municipal, Ana Paty Peralta, sostuvo una reuni\u00f3n de gabinete con los diversos titulares de las Secretar\u00edas y Direcciones que conforman el gobierno municipal, para reiterar la ruta de trabajo a seguir en beneficio de construir una mejor ciudad, con prosperidad compartida y bienestar para [&hellip;]<\/p>\n","protected":false},"author":1,"featured_media":22773,"comment_status":"open","ping_status":"closed","sticky":false,"template":"","format":"standard","meta":{"footnotes":""},"categories":[9],"tags":[],"class_list":["post-22771","post","type-post","status-publish","format-standard","has-post-thumbnail","hentry","category-politica"],"_links":{"self":[{"href":"https:\/\/podernacional.com\/index.php?rest_route=\/wp\/v2\/posts\/22771","targetHints":{"allow":["GET"]}}],"collection":[{"href":"https:\/\/podernacional.com\/index.php?rest_route=\/wp\/v2\/posts"}],"about":[{"href":"https:\/\/podernacional.com\/index.php?rest_route=\/wp\/v2\/types\/post"}],"author":[{"embeddable":true,"href":"https:\/\/podernacional.com\/index.php?rest_route=\/wp\/v2\/users\/1"}],"replies":[{"embeddable":true,"href":"https:\/\/podernacional.com\/index.php?rest_route=%2Fwp%2Fv2%2Fcomments&post=22771"}],"version-history":[{"count":1,"href":"https:\/\/podernacional.com\/index.php?rest_route=\/wp\/v2\/posts\/22771\/revisions"}],"predecessor-version":[{"id":22772,"href":"https:\/\/podernacional.com\/index.php?rest_route=\/wp\/v2\/posts\/22771\/revisions\/22772"}],"wp:featuredmedia":[{"embeddable":true,"href":"https:\/\/podernacional.com\/index.php?rest_route=\/wp\/v2\/media\/22773"}],"wp:attachment":[{"href":"https:\/\/podernacional.com\/index.php?rest_route=%2Fwp%2Fv2%2Fmedia&parent=22771"}],"wp:term":[{"taxonomy":"category","embeddable":true,"href":"https:\/\/podernacional.com\/index.php?rest_route=%2Fwp%2Fv2%2Fcategories&post=22771"},{"taxonomy":"post_tag","embeddable":true,"href":"https:\/\/podernacional.com\/index.php?rest_route=%2Fwp%2Fv2%2Ftags&post=22771"}],"curies":[{"name":"wp","href":"https:\/\/api.w.org\/{rel}","templated":true}]}}