{"id":2278,"date":"2021-02-08T17:41:34","date_gmt":"2021-02-08T17:41:34","guid":{"rendered":"http:\/\/whatsappcancun.com\/?p=2278"},"modified":"2021-02-08T17:41:34","modified_gmt":"2021-02-08T17:41:34","slug":"sudafrica-suspende-el-uso-de-la-vacuna-de-astrazeneca-no-es-efectiva-a-su-variante","status":"publish","type":"post","link":"https:\/\/podernacional.com\/?p=2278","title":{"rendered":"Sud\u00e1frica suspende el uso de la vacuna de AstraZeneca; no es efectiva a su variante"},"content":{"rendered":"\n<p>Despu\u00e9s del reciente estudio sobre la variante sudafricana de la Covid-19, donde se demostr\u00f3 que la vacuna AstraZeneca&nbsp;<strong>tiene una protecci\u00f3n reducida ante esta variante,&nbsp;<\/strong>&nbsp;el gobierno de Sud\u00e1frica suspendi\u00f3 la administraci\u00f3n de las dosis de la vacuna contra el coronavirus.<\/p>\n\n\n\n<p>La informaci\u00f3n se dio a conocer este domingo, en la cual el&nbsp; ministro de Salud sudafricano, Zweli Mkhize, inform\u00f3 que se suspende de manera temporal &nbsp;hasta que un comit\u00e9 de cient\u00edficos decida la estrategia a seguir respecto a este inmunizador, seg\u00fan&nbsp;<em>Independent Online<\/em>.<\/p>\n\n\n\n<p>Por su parte, seg\u00fan estudio publicado en&nbsp;<em>Financial Times, se asegur\u00f3 que la vacuna de AstraZeneca&nbsp;&nbsp;<\/em><strong>es menos efectiva contra la variante sudafricana<\/strong>&nbsp;del virus y no protege contra s\u00edntomas leves o moderados.<\/p>\n\n\n\n<p>Es importante se\u00f1alar, que el pa\u00eds sudafricano ten\u00eda previsto la llegada de un mill\u00f3n de dosis de vacunas de AstraZeneza, sin embargo, se piensa comenzar a vacunar al personal sanitario.<\/p>\n\n\n\n<p>El pa\u00eds continuar\u00e1 con el programa de inmunizaci\u00f3n que se tiene previsto, asimismo, el responsable de la salud en el pa\u00eds inform\u00f3 que las vacunas de Johnson &amp; Johnson y&nbsp; Pfizer, llegar\u00e1n al pa\u00eds en las pr\u00f3ximas semanas.<\/p>\n\n\n\n<p>Hasta el momento, Sud\u00e1frica ha registrado<strong>&nbsp;un mill\u00f3n 476 mil 135 contagios acumulados de coronavirus,<\/strong>&nbsp;as\u00ed como 46 mil 290 v\u00edctimas mortales desde que estall\u00f3 la pandemia, seg\u00fan recoge la Universidad Johns Hopkins (<em>EP<\/em>).<\/p>\n","protected":false},"excerpt":{"rendered":"<p>Despu\u00e9s del reciente estudio sobre la variante sudafricana de la Covid-19, donde se demostr\u00f3 que la vacuna AstraZeneca&nbsp;tiene una protecci\u00f3n reducida ante esta variante,&nbsp;&nbsp;el gobierno de Sud\u00e1frica suspendi\u00f3 la administraci\u00f3n de las dosis de la vacuna contra el coronavirus. La informaci\u00f3n se dio a conocer este domingo, en la cual el&nbsp; ministro de Salud sudafricano, [&hellip;]<\/p>\n","protected":false},"author":1,"featured_media":2279,"comment_status":"open","ping_status":"open","sticky":false,"template":"","format":"standard","meta":{"footnotes":""},"categories":[5],"tags":[],"class_list":["post-2278","post","type-post","status-publish","format-standard","has-post-thumbnail","hentry","category-internacional"],"_links":{"self":[{"href":"https:\/\/podernacional.com\/index.php?rest_route=\/wp\/v2\/posts\/2278","targetHints":{"allow":["GET"]}}],"collection":[{"href":"https:\/\/podernacional.com\/index.php?rest_route=\/wp\/v2\/posts"}],"about":[{"href":"https:\/\/podernacional.com\/index.php?rest_route=\/wp\/v2\/types\/post"}],"author":[{"embeddable":true,"href":"https:\/\/podernacional.com\/index.php?rest_route=\/wp\/v2\/users\/1"}],"replies":[{"embeddable":true,"href":"https:\/\/podernacional.com\/index.php?rest_route=%2Fwp%2Fv2%2Fcomments&post=2278"}],"version-history":[{"count":0,"href":"https:\/\/podernacional.com\/index.php?rest_route=\/wp\/v2\/posts\/2278\/revisions"}],"wp:featuredmedia":[{"embeddable":true,"href":"https:\/\/podernacional.com\/index.php?rest_route=\/wp\/v2\/media\/2279"}],"wp:attachment":[{"href":"https:\/\/podernacional.com\/index.php?rest_route=%2Fwp%2Fv2%2Fmedia&parent=2278"}],"wp:term":[{"taxonomy":"category","embeddable":true,"href":"https:\/\/podernacional.com\/index.php?rest_route=%2Fwp%2Fv2%2Fcategories&post=2278"},{"taxonomy":"post_tag","embeddable":true,"href":"https:\/\/podernacional.com\/index.php?rest_route=%2Fwp%2Fv2%2Ftags&post=2278"}],"curies":[{"name":"wp","href":"https:\/\/api.w.org\/{rel}","templated":true}]}}