{"id":22783,"date":"2024-07-08T16:47:51","date_gmt":"2024-07-08T21:47:51","guid":{"rendered":"https:\/\/podernacional.com\/?p=22783"},"modified":"2024-07-08T21:47:53","modified_gmt":"2024-07-08T21:47:53","slug":"eugenio-derbez-y-alessandra-rosaldo-celebran-12-anos-de-matrimonio","status":"publish","type":"post","link":"https:\/\/podernacional.com\/?p=22783","title":{"rendered":"Eugenio Derbez y Alessandra Rosaldo celebran 12 a\u00f1os de matrimonio"},"content":{"rendered":"<h4>El actor y comediante subi\u00f3 a Instagram un video recordando uno de los momentos m\u00e1s emotivos de su boda con Alessandra Rosaldo.<\/h4>\n<p>Alessandra Rosaldo y Eugenio Derbez celebran los doce a\u00f1os de su matrimonio de una forma singular, as\u00ed fue c\u00f3mo pudimos ver en la cuenta de Instagram del director y productor mexicano, quien poste\u00f3 el video de un momento emotivo de su boda.<\/p>\n<p>La boda que fue llevada a cabo en una iglesia de la capital del pa\u00eds, misma que fue televisada, se pudo apreciar la emoci\u00f3n del momento debido a que el tambi\u00e9n actor tambi\u00e9n se encontraba con lagrimas mientras pronunciaba sus votos.<\/p>\n<p>En el video que poste\u00f3 Derbez de ese peque\u00f1o momento que se dio el d\u00eda que concretaron su amor frente a la iglesia y muchos invitados, escribi\u00f3:<\/p>\n<p>\u00abSiempre fuiste, eres y ser\u00e1s t\u00fa, Alessandra Rosaldo\u00bb.<\/p>\n<p>Advirtiendo que la cantante de Sentidos Opuestos siempre ha sido la indicada para \u00e9l, despu\u00e9s de sus m\u00faltiples relaciones que han sido publicas y medi\u00e1ticas en el medio art\u00edstico.<\/p>\n<p>En el clip se puede apreciar al productor mirando a la artista de 52 a\u00f1os cautivador y enternecido, mientras las lagrimas en los ojos se visualizan, a la par que el actor dictaba lo siguiente:<\/p>\n<p>\u00abYo, Eugenio, te acepto a ti Alessandra como mi esposa y prometo serte fiel en lo pr\u00f3spero y en lo adverso, en la salud y la enfermedad, y amarte y respetarte todos los d\u00edas de mi vida\u201d.<br \/>\nMientras tanto, Rosaldo no dud\u00f3 en responder la publicaci\u00f3n de su esposo y padre de su hija Aitana, quien tiene actualmente 9 a\u00f1os, escribiendo lo siguiente:<\/p>\n<p>\u00abTe amo con toda mi alma. Contigo siempre y hasta siempre\u00bb<br \/>\nDemostrando\u00a0el amor\u00a0y dando a notar que el juramento que hicieron\u00a0frente al altar y el recinto religioso, ser\u00e1 cumplido tal c\u00f3mo lo especific\u00f3 aquella noche que\u00a0fue transmitida a nivel nacional frente a millones de personas que segu\u00edan la celebraci\u00f3n.<\/p>\n<p>Por otra parte, Alessandra Rosaldo tambi\u00e9n poste\u00f3 un clip a trav\u00e9s de Instagram con fotograf\u00edas de diferentes momentos a lado de Eugenio Derbez, destacando incluso la hija que tuvieron a\u00f1os despu\u00e9s de formalizar su relaci\u00f3n.<\/p>\n<p>\u00abMi pr\u00edncipe azul desde el primer d\u00eda. Eres todo lo que siempre so\u00f1\u00e9 y m\u00e1s. Feliz aniversario amor m\u00edo @ederbez. Te amo con todo mi coraz\u00f3n\u00bb.<\/p>\n<p>Recordando la propuesta de matrimonio que el director realiz\u00f3 tras llegar montando un caballo y vestido de pr\u00edncipe con una m\u00e1scara dorada, hasta el d\u00eda que llegaron al altar, cumpliendo su palabra.<\/p>\n","protected":false},"excerpt":{"rendered":"<p>El actor y comediante subi\u00f3 a Instagram un video recordando uno de los momentos m\u00e1s emotivos de su boda con Alessandra Rosaldo. Alessandra Rosaldo y Eugenio Derbez celebran los doce a\u00f1os de su matrimonio de una forma singular, as\u00ed fue c\u00f3mo pudimos ver en la cuenta de Instagram del director y productor mexicano, quien poste\u00f3 [&hellip;]<\/p>\n","protected":false},"author":1,"featured_media":22785,"comment_status":"open","ping_status":"closed","sticky":false,"template":"","format":"standard","meta":{"footnotes":""},"categories":[4],"tags":[],"class_list":["post-22783","post","type-post","status-publish","format-standard","has-post-thumbnail","hentry","category-espectaculos"],"_links":{"self":[{"href":"https:\/\/podernacional.com\/index.php?rest_route=\/wp\/v2\/posts\/22783","targetHints":{"allow":["GET"]}}],"collection":[{"href":"https:\/\/podernacional.com\/index.php?rest_route=\/wp\/v2\/posts"}],"about":[{"href":"https:\/\/podernacional.com\/index.php?rest_route=\/wp\/v2\/types\/post"}],"author":[{"embeddable":true,"href":"https:\/\/podernacional.com\/index.php?rest_route=\/wp\/v2\/users\/1"}],"replies":[{"embeddable":true,"href":"https:\/\/podernacional.com\/index.php?rest_route=%2Fwp%2Fv2%2Fcomments&post=22783"}],"version-history":[{"count":1,"href":"https:\/\/podernacional.com\/index.php?rest_route=\/wp\/v2\/posts\/22783\/revisions"}],"predecessor-version":[{"id":22784,"href":"https:\/\/podernacional.com\/index.php?rest_route=\/wp\/v2\/posts\/22783\/revisions\/22784"}],"wp:featuredmedia":[{"embeddable":true,"href":"https:\/\/podernacional.com\/index.php?rest_route=\/wp\/v2\/media\/22785"}],"wp:attachment":[{"href":"https:\/\/podernacional.com\/index.php?rest_route=%2Fwp%2Fv2%2Fmedia&parent=22783"}],"wp:term":[{"taxonomy":"category","embeddable":true,"href":"https:\/\/podernacional.com\/index.php?rest_route=%2Fwp%2Fv2%2Fcategories&post=22783"},{"taxonomy":"post_tag","embeddable":true,"href":"https:\/\/podernacional.com\/index.php?rest_route=%2Fwp%2Fv2%2Ftags&post=22783"}],"curies":[{"name":"wp","href":"https:\/\/api.w.org\/{rel}","templated":true}]}}