{"id":22831,"date":"2024-07-10T12:07:05","date_gmt":"2024-07-10T17:07:05","guid":{"rendered":"https:\/\/podernacional.com\/?p=22831"},"modified":"2024-07-10T17:07:07","modified_gmt":"2024-07-10T17:07:07","slug":"seguridad-es-la-principal-preocupacion-de-los-mexicanos-ocde","status":"publish","type":"post","link":"https:\/\/podernacional.com\/?p=22831","title":{"rendered":"Seguridad es la principal preocupaci\u00f3n de los mexicanos: OCDE"},"content":{"rendered":"<p>La seguridad es la principal preocupaci\u00f3n de los mexicanos, costarricenses y chilenos, en un porcentaje que duplica con creces la media de los pa\u00edses miembros de la OCDE, y es una cuesti\u00f3n que tambi\u00e9n inquieta mucho a los colombianos, aunque para ellos un tema todav\u00eda m\u00e1s grave es la corrupci\u00f3n.<\/p>\n<p>Esos cuatro pa\u00edses latinoamericanos, pero tambi\u00e9n Suecia, se distinguen por colocar la acci\u00f3n contra la delincuencia y la violencia como una prioridad, muy por encima de la inflaci\u00f3n, que es la que domina en la mayor de los otros Estados, se\u00f1ala la Organizaci\u00f3n para la Cooperaci\u00f3n y el Desarrollo Econ\u00f3mico (OCDE).<\/p>\n<p>En su segunda edici\u00f3n de la encuesta sobre la confianza en las instituciones publicada este mi\u00e9rcoles, que se realiz\u00f3 entre octubre y noviembre de 2023, la inseguridad aparece como una preocupaci\u00f3n para el 30 por ciento de los consultados en los 30 pa\u00edses que participaron en el estudio.<\/p>\n<p>Sin embargo, ese porcentaje alcanza m\u00e1ximos del 69.8 por ciento en M\u00e9xico, del 65 % en Suecia, del 62.9 por ciento en Costa Rica, del 62.2 % en Chile y del 52.9 por ciento en Colombia.<\/p>\n<p>Colombia es el \u00fanico de los cinco en el que las personas consultadas mostraron mayor inquietud por otra cuesti\u00f3n, en este caso la corrupci\u00f3n (56.3 %). Tambi\u00e9n eran cuestiones destacadas la inflaci\u00f3n (43.6 %), el desempleo (40.5 %) y la pobreza y la desigualdad social (37.6 %).<\/p>\n<p>La sorpresa de encontrar a Suecia en ese grupo de pa\u00edses muy inquietos por la inseguridad puede explicarse por los problemas de delincuencia organizada que han afectado a ese pa\u00eds en los \u00faltimos a\u00f1os.<\/p>\n<p>Las grandes preocupaciones de los mexicanos, aparte de la inseguridad, son el desempleo (43.6 %), la inflaci\u00f3n (42.9 %) y la corrupci\u00f3n (41.6 %).<\/p>\n<p>Para los chilenos son la inflaci\u00f3n (42.4 %), la migraci\u00f3n (36.4 %), la corrupci\u00f3n (31.7 %) y el desempleo (29 %).<\/p>\n<p>Para los costarricenses son el desempleo (57.5 %), la corrupci\u00f3n (42.7 %), la inflaci\u00f3n (40 %) y la pobreza y la desigualdad social (38.8 %).<\/p>\n<p>En el conjunto de los treinta miembros de la OCDE el tema del que m\u00e1s se quejan los encuestados es, con mucha diferencia, las subidas de precios y la inflaci\u00f3n (58.5 %), seguido de la pobreza y la desigualdad social (32.8 %), la delincuencia y la violencia (30.2 %), los servicios esenciales (como la sanidad, 28.4 %), la inmigraci\u00f3n (24.8 %) y la vivienda (23 %).<\/p>\n","protected":false},"excerpt":{"rendered":"<p>La seguridad es la principal preocupaci\u00f3n de los mexicanos, costarricenses y chilenos, en un porcentaje que duplica con creces la media de los pa\u00edses miembros de la OCDE, y es una cuesti\u00f3n que tambi\u00e9n inquieta mucho a los colombianos, aunque para ellos un tema todav\u00eda m\u00e1s grave es la corrupci\u00f3n. Esos cuatro pa\u00edses latinoamericanos, pero [&hellip;]<\/p>\n","protected":false},"author":1,"featured_media":22833,"comment_status":"open","ping_status":"closed","sticky":false,"template":"","format":"standard","meta":{"footnotes":""},"categories":[5],"tags":[],"class_list":["post-22831","post","type-post","status-publish","format-standard","has-post-thumbnail","hentry","category-internacional"],"_links":{"self":[{"href":"https:\/\/podernacional.com\/index.php?rest_route=\/wp\/v2\/posts\/22831","targetHints":{"allow":["GET"]}}],"collection":[{"href":"https:\/\/podernacional.com\/index.php?rest_route=\/wp\/v2\/posts"}],"about":[{"href":"https:\/\/podernacional.com\/index.php?rest_route=\/wp\/v2\/types\/post"}],"author":[{"embeddable":true,"href":"https:\/\/podernacional.com\/index.php?rest_route=\/wp\/v2\/users\/1"}],"replies":[{"embeddable":true,"href":"https:\/\/podernacional.com\/index.php?rest_route=%2Fwp%2Fv2%2Fcomments&post=22831"}],"version-history":[{"count":1,"href":"https:\/\/podernacional.com\/index.php?rest_route=\/wp\/v2\/posts\/22831\/revisions"}],"predecessor-version":[{"id":22832,"href":"https:\/\/podernacional.com\/index.php?rest_route=\/wp\/v2\/posts\/22831\/revisions\/22832"}],"wp:featuredmedia":[{"embeddable":true,"href":"https:\/\/podernacional.com\/index.php?rest_route=\/wp\/v2\/media\/22833"}],"wp:attachment":[{"href":"https:\/\/podernacional.com\/index.php?rest_route=%2Fwp%2Fv2%2Fmedia&parent=22831"}],"wp:term":[{"taxonomy":"category","embeddable":true,"href":"https:\/\/podernacional.com\/index.php?rest_route=%2Fwp%2Fv2%2Fcategories&post=22831"},{"taxonomy":"post_tag","embeddable":true,"href":"https:\/\/podernacional.com\/index.php?rest_route=%2Fwp%2Fv2%2Ftags&post=22831"}],"curies":[{"name":"wp","href":"https:\/\/api.w.org\/{rel}","templated":true}]}}