{"id":22840,"date":"2024-07-11T10:42:46","date_gmt":"2024-07-11T15:42:46","guid":{"rendered":"https:\/\/podernacional.com\/?p=22840"},"modified":"2024-07-11T15:43:10","modified_gmt":"2024-07-11T15:43:10","slug":"anuncia-mara-lezama-inversion-de-23-mdp-para-construir-cam-en-cielo-nuevo-cancun","status":"publish","type":"post","link":"https:\/\/podernacional.com\/?p=22840","title":{"rendered":"Anuncia Mara Lezama inversi\u00f3n de 23 mdp para construir CAM en Cielo Nuevo Canc\u00fan"},"content":{"rendered":"<h4>-El CAM estar\u00e1 disponible para educaci\u00f3n preescolar, primaria y secundaria<\/h4>\n<p>Canc\u00fan.- La gobernadora Mara Lezama Espinosa anunci\u00f3 una inversi\u00f3n superior a los 23 millones de pesos para la construcci\u00f3n de un Centro de Atenci\u00f3n M\u00faltiple en el fraccionamiento Cielo Nuevo, de Canc\u00fan.<\/p>\n<p>Acompa\u00f1ada de la presidenta municipal de Benito Ju\u00e1rez, Ana Paty Peralta de la Pe\u00f1a, y del director general del IFEQROO, Jos\u00e9 Rafael Lara D\u00edaz, la gobernadora de Quintana Roo a\u00f1adi\u00f3 que estar\u00e1 disponible para educaci\u00f3n preescolar, primaria y secundaria.<\/p>\n<p>Se construir\u00e1n y equipar\u00e1n 2 edificios, 3 aulas did\u00e1cticas, servicios sanitarios, obra exterior, barda y red de media tensi\u00f3n, as\u00ed como un domo ligero de 30 x 17 metros.<\/p>\n<p>Mara Lezama asegur\u00f3 que en este gobierno humanista y progresista la educaci\u00f3n inclusiva s\u00ed importa.<\/p>\n","protected":false},"excerpt":{"rendered":"<p>-El CAM estar\u00e1 disponible para educaci\u00f3n preescolar, primaria y secundaria Canc\u00fan.- La gobernadora Mara Lezama Espinosa anunci\u00f3 una inversi\u00f3n superior a los 23 millones de pesos para la construcci\u00f3n de un Centro de Atenci\u00f3n M\u00faltiple en el fraccionamiento Cielo Nuevo, de Canc\u00fan. Acompa\u00f1ada de la presidenta municipal de Benito Ju\u00e1rez, Ana Paty Peralta de la [&hellip;]<\/p>\n","protected":false},"author":1,"featured_media":22842,"comment_status":"open","ping_status":"closed","sticky":false,"template":"","format":"standard","meta":{"footnotes":""},"categories":[6,10],"tags":[],"class_list":["post-22840","post","type-post","status-publish","format-standard","has-post-thumbnail","hentry","category-local","category-quintana-roo"],"_links":{"self":[{"href":"https:\/\/podernacional.com\/index.php?rest_route=\/wp\/v2\/posts\/22840","targetHints":{"allow":["GET"]}}],"collection":[{"href":"https:\/\/podernacional.com\/index.php?rest_route=\/wp\/v2\/posts"}],"about":[{"href":"https:\/\/podernacional.com\/index.php?rest_route=\/wp\/v2\/types\/post"}],"author":[{"embeddable":true,"href":"https:\/\/podernacional.com\/index.php?rest_route=\/wp\/v2\/users\/1"}],"replies":[{"embeddable":true,"href":"https:\/\/podernacional.com\/index.php?rest_route=%2Fwp%2Fv2%2Fcomments&post=22840"}],"version-history":[{"count":1,"href":"https:\/\/podernacional.com\/index.php?rest_route=\/wp\/v2\/posts\/22840\/revisions"}],"predecessor-version":[{"id":22841,"href":"https:\/\/podernacional.com\/index.php?rest_route=\/wp\/v2\/posts\/22840\/revisions\/22841"}],"wp:featuredmedia":[{"embeddable":true,"href":"https:\/\/podernacional.com\/index.php?rest_route=\/wp\/v2\/media\/22842"}],"wp:attachment":[{"href":"https:\/\/podernacional.com\/index.php?rest_route=%2Fwp%2Fv2%2Fmedia&parent=22840"}],"wp:term":[{"taxonomy":"category","embeddable":true,"href":"https:\/\/podernacional.com\/index.php?rest_route=%2Fwp%2Fv2%2Fcategories&post=22840"},{"taxonomy":"post_tag","embeddable":true,"href":"https:\/\/podernacional.com\/index.php?rest_route=%2Fwp%2Fv2%2Ftags&post=22840"}],"curies":[{"name":"wp","href":"https:\/\/api.w.org\/{rel}","templated":true}]}}