{"id":22855,"date":"2024-07-13T13:21:01","date_gmt":"2024-07-13T18:21:01","guid":{"rendered":"https:\/\/podernacional.com\/?p=22855"},"modified":"2024-07-14T18:24:04","modified_gmt":"2024-07-14T18:24:04","slug":"ex-futbolista-patrice-evra-es-condenado-a-prision-por-abandonar-a-su-familiar","status":"publish","type":"post","link":"https:\/\/podernacional.com\/?p=22855","title":{"rendered":"Ex futbolista Patrice Evra es condenado a prisi\u00f3n por abandonar a su familiar"},"content":{"rendered":"<h4>El ex seleccionado de Francia fue condenado a 12 mese de prisi\u00f3n por abandono a su esposa y a sus hijos entre 2021 y 2023.<\/h4>\n<p>El ex capit\u00e1n de la selecci\u00f3n francesa de futbol Patrice Evra fue condenado por abandono familiar por un tribunal correccional de Nanterre, en la periferia parisina, inform\u00f3 su abogado a la AFP, confirmando una informaci\u00f3n del diario Le Parisien.<\/p>\n<p>Ex futbolista de Manchester United y Juventus, entre otros equipos, Evra apel\u00f3 esta sentencia, precis\u00f3 J\u00e9r\u00f4me Boursican.<\/p>\n<p>Seg\u00fan la abogada de la ex mujer de Evra, Nathalie Dubois, el ex futbolista fue condenado a 12 meses de prisi\u00f3n en suspenso y a cuatro mil euros (unos cuatro mil trescientos sesenta d\u00f3lares) por da\u00f1os y perjuicios por abandono de su familia entre mayo de 2021 y septiembre de 2023.<\/p>\n<p>Seg\u00fan la ex mujer, de la que el ex jugador se est\u00e1 divorciando, Evra no le habr\u00eda pasado la pensi\u00f3n alimenticia desde 2020, indic\u00f3 su abogada.<\/p>\n<p>La cantidad adeudada a la mujer y los dos hijos en com\u00fan ser\u00eda de novecientos sesenta y nueve euros (algo m\u00e1s de un mill\u00f3n de d\u00f3lares).<\/p>\n<p>Una versi\u00f3n contestada por la defensa del ex futbolista de 43 a\u00f1os, para quien su cliente ha sido \u00abm\u00e1s que generoso con su esposa\u00bb.<\/p>\n<p>Sin embargo, Dubois asegura que Evra, que conoce a su ex c\u00f3nyuge desde que ten\u00eda 15 a\u00f1os, la abandon\u00f3 \u00abde la noche a la ma\u00f1ana\u00bb en 2020, cuando se fue a vivir con una modelo danesa a la que conoci\u00f3 en Inglaterra.<\/p>\n","protected":false},"excerpt":{"rendered":"<p>El ex seleccionado de Francia fue condenado a 12 mese de prisi\u00f3n por abandono a su esposa y a sus hijos entre 2021 y 2023. El ex capit\u00e1n de la selecci\u00f3n francesa de futbol Patrice Evra fue condenado por abandono familiar por un tribunal correccional de Nanterre, en la periferia parisina, inform\u00f3 su abogado a [&hellip;]<\/p>\n","protected":false},"author":1,"featured_media":22857,"comment_status":"open","ping_status":"closed","sticky":false,"template":"","format":"standard","meta":{"footnotes":""},"categories":[3],"tags":[],"class_list":["post-22855","post","type-post","status-publish","format-standard","has-post-thumbnail","hentry","category-deportes"],"_links":{"self":[{"href":"https:\/\/podernacional.com\/index.php?rest_route=\/wp\/v2\/posts\/22855","targetHints":{"allow":["GET"]}}],"collection":[{"href":"https:\/\/podernacional.com\/index.php?rest_route=\/wp\/v2\/posts"}],"about":[{"href":"https:\/\/podernacional.com\/index.php?rest_route=\/wp\/v2\/types\/post"}],"author":[{"embeddable":true,"href":"https:\/\/podernacional.com\/index.php?rest_route=\/wp\/v2\/users\/1"}],"replies":[{"embeddable":true,"href":"https:\/\/podernacional.com\/index.php?rest_route=%2Fwp%2Fv2%2Fcomments&post=22855"}],"version-history":[{"count":1,"href":"https:\/\/podernacional.com\/index.php?rest_route=\/wp\/v2\/posts\/22855\/revisions"}],"predecessor-version":[{"id":22856,"href":"https:\/\/podernacional.com\/index.php?rest_route=\/wp\/v2\/posts\/22855\/revisions\/22856"}],"wp:featuredmedia":[{"embeddable":true,"href":"https:\/\/podernacional.com\/index.php?rest_route=\/wp\/v2\/media\/22857"}],"wp:attachment":[{"href":"https:\/\/podernacional.com\/index.php?rest_route=%2Fwp%2Fv2%2Fmedia&parent=22855"}],"wp:term":[{"taxonomy":"category","embeddable":true,"href":"https:\/\/podernacional.com\/index.php?rest_route=%2Fwp%2Fv2%2Fcategories&post=22855"},{"taxonomy":"post_tag","embeddable":true,"href":"https:\/\/podernacional.com\/index.php?rest_route=%2Fwp%2Fv2%2Ftags&post=22855"}],"curies":[{"name":"wp","href":"https:\/\/api.w.org\/{rel}","templated":true}]}}