{"id":230,"date":"2020-06-04T00:36:13","date_gmt":"2020-06-04T00:36:13","guid":{"rendered":"http:\/\/whatsappcancun.com\/?p=230"},"modified":"2020-06-04T00:36:13","modified_gmt":"2020-06-04T00:36:13","slug":"cuando-empiezan-los-saqueos-empiezan-los-disparos-la-historia-detras-de-la-controvertida-frase-de-trump-ante-las-protestas-por-la-muerte-de-floyd","status":"publish","type":"post","link":"https:\/\/podernacional.com\/?p=230","title":{"rendered":"\u00abCuando empiezan los saqueos, empiezan los disparos\u00bb: la historia detr\u00e1s de la controvertida frase de Trump ante las protestas por la muerte de Floyd"},"content":{"rendered":"\n<p>Un mensaje escrito por Donald Trump pasada la medianoche calde\u00f3 todav\u00eda m\u00e1s los \u00e1nimos en un pa\u00eds que vive d\u00edas de gran tensi\u00f3n por la muerte de un hombre negro bajo custodia policial.<\/p>\n\n\n\n<p>El hecho que prendi\u00f3 numerosas protestas en varias ciudades estadounidenses ocurri\u00f3 el pasado lunes cuando George Floyd, de 46 a\u00f1os, muri\u00f3 tras haber sido retenido por cuatro agentes de polic\u00eda en Minneapolis (Minnesota, Estados Unidos).<\/p>\n\n\n\n<p>Una mujer testigo de la detenci\u00f3n grab\u00f3 un video en Facebook Live donde se vio c\u00f3mo el agente identificado como Derek Chauvin manten\u00eda su rodilla sobre el cuello de Floyd, quien&nbsp;<strong>se quejaba de no poder respirar<\/strong>.<\/p>\n\n\n\n<p>Tras varios minutos en esa posici\u00f3n, Floyd fue transportado en camilla a un hospital, pero no sobrevivi\u00f3.<\/p>\n\n\n\n<p>Los cuatro agentes implicados fueron despedidos tras la difusi\u00f3n del video, pero la inicial falta de acciones legales dio lugar a m\u00faltiples protestas que no han hecho m\u00e1s que crecer durante toda la semana.<\/p>\n","protected":false},"excerpt":{"rendered":"<p>Un mensaje escrito por Donald Trump pasada la medianoche calde\u00f3 todav\u00eda m\u00e1s los \u00e1nimos en un pa\u00eds que vive d\u00edas de gran tensi\u00f3n por la muerte de un hombre negro bajo custodia policial. El hecho que prendi\u00f3 numerosas protestas en varias ciudades estadounidenses ocurri\u00f3 el pasado lunes cuando George Floyd, de 46 a\u00f1os, muri\u00f3 tras [&hellip;]<\/p>\n","protected":false},"author":1,"featured_media":231,"comment_status":"open","ping_status":"open","sticky":false,"template":"","format":"standard","meta":{"footnotes":""},"categories":[5],"tags":[],"class_list":["post-230","post","type-post","status-publish","format-standard","has-post-thumbnail","hentry","category-internacional"],"_links":{"self":[{"href":"https:\/\/podernacional.com\/index.php?rest_route=\/wp\/v2\/posts\/230","targetHints":{"allow":["GET"]}}],"collection":[{"href":"https:\/\/podernacional.com\/index.php?rest_route=\/wp\/v2\/posts"}],"about":[{"href":"https:\/\/podernacional.com\/index.php?rest_route=\/wp\/v2\/types\/post"}],"author":[{"embeddable":true,"href":"https:\/\/podernacional.com\/index.php?rest_route=\/wp\/v2\/users\/1"}],"replies":[{"embeddable":true,"href":"https:\/\/podernacional.com\/index.php?rest_route=%2Fwp%2Fv2%2Fcomments&post=230"}],"version-history":[{"count":0,"href":"https:\/\/podernacional.com\/index.php?rest_route=\/wp\/v2\/posts\/230\/revisions"}],"wp:featuredmedia":[{"embeddable":true,"href":"https:\/\/podernacional.com\/index.php?rest_route=\/wp\/v2\/media\/231"}],"wp:attachment":[{"href":"https:\/\/podernacional.com\/index.php?rest_route=%2Fwp%2Fv2%2Fmedia&parent=230"}],"wp:term":[{"taxonomy":"category","embeddable":true,"href":"https:\/\/podernacional.com\/index.php?rest_route=%2Fwp%2Fv2%2Fcategories&post=230"},{"taxonomy":"post_tag","embeddable":true,"href":"https:\/\/podernacional.com\/index.php?rest_route=%2Fwp%2Fv2%2Ftags&post=230"}],"curies":[{"name":"wp","href":"https:\/\/api.w.org\/{rel}","templated":true}]}}