{"id":23068,"date":"2024-07-25T12:57:48","date_gmt":"2024-07-25T17:57:48","guid":{"rendered":"https:\/\/podernacional.com\/?p=23068"},"modified":"2024-07-25T17:57:49","modified_gmt":"2024-07-25T17:57:49","slug":"clavadistas-nacidos-en-mexico-representaran-a-republica-dominica","status":"publish","type":"post","link":"https:\/\/podernacional.com\/?p=23068","title":{"rendered":"Clavadistas nacidos en M\u00e9xico representar\u00e1n a Republica Dominica"},"content":{"rendered":"<h4>Victoria Garza y \u200b\u200bJonathan Ruvalcaba, ambos nacidos en M\u00e9xico, representar\u00e1n a otro pa\u00eds en los Juegos Ol\u00edmpicos de Par\u00eds 2024<\/h4>\n<p>Cada cuatro a\u00f1os, los Juegos Ol\u00edmpicos dejan historias sobresalientes para contar y estos no son la excepci\u00f3n. En Paris 2024, Victoria Garza y Jonathan Ruvalcaba, clavadistas nacidos en M\u00e9xico, representar\u00e1n a Rep\u00fablica Dominicana. Sin embargo, cada atleta tiene una raz\u00f3n distinta para estar dentro de la delegaci\u00f3n caribe\u00f1a en esta justa ol\u00edmpica.<\/p>\n<p>Victoria naci\u00f3 en Coahuila e inici\u00f3 su carrera deportiva en la gimnasia. Sin embargo, un entrenador de clavados la observ\u00f3 y la invit\u00f3 a formar parte de su equipo, a lo que acept\u00f3. Incluso, Garza lleg\u00f3 a representar a M\u00e9xico en distintas competencias.<\/p>\n<p>La clavadista fue medallista nacional en el Campeonato Panamericano Junior, en Victoria, Canad\u00e1. A pesar de esto, la falta de apoyo de la Federaci\u00f3n Mexicana de Nataci\u00f3n la oblig\u00f3 a buscar alternativas y tomar la decisi\u00f3n de irse a Rep\u00fablica Dominicana con el objetivo de ir a unos Juegos Ol\u00edmpicos.<\/p>\n<p>La oriunda de Coahuila revel\u00f3 que Frandiel G\u00f3mez, clavadista dominicano, fue quien se acerc\u00f3 a ella para invitarla a formar parte de la delegaci\u00f3n caribe\u00f1a. Ante esto, con apenas 18 a\u00f1os, Victoria decidi\u00f3 irse a Rep\u00fablica Dominicana para vivir dos a\u00f1os y poder realizar de manera correcta su proceso de naturalizaci\u00f3n.<\/p>\n<p>Tras completar dicho proceso en 2023, la clavadista obtuvo su boleto a Paris 2024 unas semanas despu\u00e9s. De igual forma, Victoria gan\u00f3 la medalla de oro dentro de una competencia de la Federaci\u00f3n de Nataci\u00f3n de Am\u00e9rica Central y el Caribe, el cual se llev\u00f3 a cabo en Monterrey. Tras esto, Victoria Garza vivir\u00e1 sus primeros Juegos Ol\u00edmpicos, en la cual representar\u00e1 la bandera dominicana.<\/p>\n<p>Jonathan vivir\u00e1 sus segundos Juegos Ol\u00edmpicos con Rep\u00fablica Dominicana, pues estuvo presente en Tokyo 2022. A diferencia de Victoria, este clavadista ya hab\u00eda brillado con la delegaci\u00f3n mexicana, pero un \u2018trago amargo\u2019 lo hizo voltear a ver a otro pa\u00eds<\/p>\n<p>Con M\u00e9xico, Ruvalcaba gan\u00f3 una medalla de bronce en los Juegos Panamericanos de 2015, una presea de plata en los Juegos Centroamericanos de 2014 y dos m\u00e1s en la Universiada de 2011. A pesar de esto, Jonathan qued\u00f3 fuera del equipo en los Juegos Ol\u00edmpicos en R\u00edo 2016.<\/p>\n<p>Ante esto, el mexicano decidi\u00f3 buscar nuevos retos con la mira en una justa ol\u00edmpica. Fue en ese momento en el que conoci\u00f3 a Frandiel G\u00f3mez, el mismo atleta que invit\u00f3 a Victoria; despu\u00e9s, entren\u00f3 bajo el mando de Francisco Rueda y en Tokyo 2020 cumpli\u00f3 su sue\u00f1o ol\u00edmpico al participar en la prueba de trampol\u00edn de tres metrosstas nacidos en M\u00e9xico representar\u00e1n a Republica Dominica en Par\u00eds 2024<\/p>\n","protected":false},"excerpt":{"rendered":"<p>Victoria Garza y \u200b\u200bJonathan Ruvalcaba, ambos nacidos en M\u00e9xico, representar\u00e1n a otro pa\u00eds en los Juegos Ol\u00edmpicos de Par\u00eds 2024 Cada cuatro a\u00f1os, los Juegos Ol\u00edmpicos dejan historias sobresalientes para contar y estos no son la excepci\u00f3n. En Paris 2024, Victoria Garza y Jonathan Ruvalcaba, clavadistas nacidos en M\u00e9xico, representar\u00e1n a Rep\u00fablica Dominicana. Sin embargo, [&hellip;]<\/p>\n","protected":false},"author":1,"featured_media":23070,"comment_status":"open","ping_status":"closed","sticky":false,"template":"","format":"standard","meta":{"footnotes":""},"categories":[138],"tags":[],"class_list":["post-23068","post","type-post","status-publish","format-standard","has-post-thumbnail","hentry","category-paris-2024"],"_links":{"self":[{"href":"https:\/\/podernacional.com\/index.php?rest_route=\/wp\/v2\/posts\/23068","targetHints":{"allow":["GET"]}}],"collection":[{"href":"https:\/\/podernacional.com\/index.php?rest_route=\/wp\/v2\/posts"}],"about":[{"href":"https:\/\/podernacional.com\/index.php?rest_route=\/wp\/v2\/types\/post"}],"author":[{"embeddable":true,"href":"https:\/\/podernacional.com\/index.php?rest_route=\/wp\/v2\/users\/1"}],"replies":[{"embeddable":true,"href":"https:\/\/podernacional.com\/index.php?rest_route=%2Fwp%2Fv2%2Fcomments&post=23068"}],"version-history":[{"count":1,"href":"https:\/\/podernacional.com\/index.php?rest_route=\/wp\/v2\/posts\/23068\/revisions"}],"predecessor-version":[{"id":23069,"href":"https:\/\/podernacional.com\/index.php?rest_route=\/wp\/v2\/posts\/23068\/revisions\/23069"}],"wp:featuredmedia":[{"embeddable":true,"href":"https:\/\/podernacional.com\/index.php?rest_route=\/wp\/v2\/media\/23070"}],"wp:attachment":[{"href":"https:\/\/podernacional.com\/index.php?rest_route=%2Fwp%2Fv2%2Fmedia&parent=23068"}],"wp:term":[{"taxonomy":"category","embeddable":true,"href":"https:\/\/podernacional.com\/index.php?rest_route=%2Fwp%2Fv2%2Fcategories&post=23068"},{"taxonomy":"post_tag","embeddable":true,"href":"https:\/\/podernacional.com\/index.php?rest_route=%2Fwp%2Fv2%2Ftags&post=23068"}],"curies":[{"name":"wp","href":"https:\/\/api.w.org\/{rel}","templated":true}]}}