{"id":23101,"date":"2024-07-27T20:00:46","date_gmt":"2024-07-28T01:00:46","guid":{"rendered":"https:\/\/podernacional.com\/?p=23101"},"modified":"2024-07-28T04:06:49","modified_gmt":"2024-07-28T04:06:49","slug":"monreal-asegura-que-colaboracion-con-eu-es-necesaria-para-combatir-trafico-de-drogas","status":"publish","type":"post","link":"https:\/\/podernacional.com\/?p=23101","title":{"rendered":"Monreal asegura que colaboraci\u00f3n con EU es necesaria para combatir tr\u00e1fico de drogas"},"content":{"rendered":"<h4>El legislador mencion\u00f3 que el hecho de que el gobierno de M\u00e9xico no haya sido informado de la aprehensi\u00f3n de el \u00abMayo\u00bb Zambada se debe a que la DEA no ha generado una buena relaci\u00f3n con el pa\u00eds.<\/h4>\n<p>#CDMX | El coordinador de Morena en el Senado, Ricardo Monreal, dijo que es necesaria la colaboraci\u00f3n entre los gobiernos de M\u00e9xico y Estados Unidos, pero no se debe permitir que se da\u00f1e la soberan\u00eda nacional.<\/p>\n<p>Luego de que autoridades del pa\u00eds vecino del norte detuvieron a Ismael \u201c El Mayo\u201d Zambada\u00a0y Joaqu\u00edn Guzm\u00e1n L\u00f3pez, sin que el gobierno mexicano fuera informado, el senador Monreal afirm\u00f3 que el actual gobierno est\u00e1 comprometido con la lucha contra el crimen organizado.<\/p>\n<p>\u201cEl gobierno del presidente L\u00f3pez Obrador est\u00e1 comprometido en la lucha contra de la delincuencia, e igualmente lo estar\u00e1 el de la doctora Claudia Sheinbaum\u201d, se\u00f1al\u00f3.<\/p>\n<p>En redes sociales, subray\u00f3 que \u201cla colaboraci\u00f3n con Estados Unidos para enfrentar el tr\u00e1fico de drogas es necesaria, pero no permitiremos que se da\u00f1e la soberan\u00eda nacional\u201d.<\/p>\n<p>El senador Monreal dijo que la captura derriba el argumento de los republicanos \u00a0contra el gobierno mexicano en el sentido de que protege o tolera a los carteles de las drogas, afirm\u00f3 el coordinador de Morena en el Senado, Ricardo Monreal.<\/p>\n<p>Mencion\u00f3 que el hecho de que el gobierno de M\u00e9xico no haya sido informado de la aprehensi\u00f3n se debe a que la DEA (Administraci\u00f3n de Control de Drogas por sus siglas en ingl\u00e9s) no ha generado una buena relaci\u00f3n y puede deberse a una represalia por lo que no se les dej\u00f3 hacer en territorio nacional.<\/p>\n","protected":false},"excerpt":{"rendered":"<p>El legislador mencion\u00f3 que el hecho de que el gobierno de M\u00e9xico no haya sido informado de la aprehensi\u00f3n de el \u00abMayo\u00bb Zambada se debe a que la DEA no ha generado una buena relaci\u00f3n con el pa\u00eds. #CDMX | El coordinador de Morena en el Senado, Ricardo Monreal, dijo que es necesaria la colaboraci\u00f3n [&hellip;]<\/p>\n","protected":false},"author":1,"featured_media":23103,"comment_status":"open","ping_status":"closed","sticky":false,"template":"","format":"standard","meta":{"footnotes":""},"categories":[141],"tags":[],"class_list":["post-23101","post","type-post","status-publish","format-standard","has-post-thumbnail","hentry","category-cdmx"],"_links":{"self":[{"href":"https:\/\/podernacional.com\/index.php?rest_route=\/wp\/v2\/posts\/23101","targetHints":{"allow":["GET"]}}],"collection":[{"href":"https:\/\/podernacional.com\/index.php?rest_route=\/wp\/v2\/posts"}],"about":[{"href":"https:\/\/podernacional.com\/index.php?rest_route=\/wp\/v2\/types\/post"}],"author":[{"embeddable":true,"href":"https:\/\/podernacional.com\/index.php?rest_route=\/wp\/v2\/users\/1"}],"replies":[{"embeddable":true,"href":"https:\/\/podernacional.com\/index.php?rest_route=%2Fwp%2Fv2%2Fcomments&post=23101"}],"version-history":[{"count":1,"href":"https:\/\/podernacional.com\/index.php?rest_route=\/wp\/v2\/posts\/23101\/revisions"}],"predecessor-version":[{"id":23102,"href":"https:\/\/podernacional.com\/index.php?rest_route=\/wp\/v2\/posts\/23101\/revisions\/23102"}],"wp:featuredmedia":[{"embeddable":true,"href":"https:\/\/podernacional.com\/index.php?rest_route=\/wp\/v2\/media\/23103"}],"wp:attachment":[{"href":"https:\/\/podernacional.com\/index.php?rest_route=%2Fwp%2Fv2%2Fmedia&parent=23101"}],"wp:term":[{"taxonomy":"category","embeddable":true,"href":"https:\/\/podernacional.com\/index.php?rest_route=%2Fwp%2Fv2%2Fcategories&post=23101"},{"taxonomy":"post_tag","embeddable":true,"href":"https:\/\/podernacional.com\/index.php?rest_route=%2Fwp%2Fv2%2Ftags&post=23101"}],"curies":[{"name":"wp","href":"https:\/\/api.w.org\/{rel}","templated":true}]}}