{"id":2324,"date":"2021-02-15T03:58:00","date_gmt":"2021-02-15T03:58:00","guid":{"rendered":"http:\/\/whatsappcancun.com\/?p=2324"},"modified":"2021-02-15T03:58:00","modified_gmt":"2021-02-15T03:58:00","slug":"ordenan-prision-preventiva-a-policias-que-golpearon-a-hombre-y-a-su-hija-de-14-anos","status":"publish","type":"post","link":"https:\/\/podernacional.com\/?p=2324","title":{"rendered":"Ordenan prisi\u00f3n preventiva a polic\u00edas que golpearon a hombre y a su hija de 14 a\u00f1os"},"content":{"rendered":"<p>Luego de que en\u00a0<strong>redes sociales<\/strong>\u00a0circularan varios videos denunciando una\u00a0<strong>agresi\u00f3n<\/strong>\u00a0por parte de\u00a0<strong>polic\u00edas<\/strong>\u00a0a un vecino de\u00a0<strong>Linares<\/strong>\u00a0y a su hija menor de edad, el juzgado n\u00famero tres de esta localidad decret\u00f3\u00a0<strong>prisi\u00f3n<\/strong>\u00a0preventiva para los dos elementos involucrados.<\/p>\n<div class=\"twitter-tweet twitter-tweet-rendered\"><iframe id=\"twitter-widget-0\" class=\"\" title=\"Twitter Tweet\" src=\"https:\/\/platform.twitter.com\/embed\/Tweet.html?creatorScreenName=24horasqroo&amp;dnt=false&amp;embedId=twitter-widget-0&amp;frame=false&amp;hideCard=false&amp;hideThread=false&amp;id=1360654078070706179&amp;lang=es&amp;origin=https%3A%2F%2Fwww.24horasqroo.mx%2Fnacional%2Ffgr-detiene-a-dos-probables-autores-materiales-de-ataque-a-familia-lebaron%2F&amp;siteScreenName=24horasqroo&amp;theme=light&amp;widgetsVersion=889aa01%3A1612811843556&amp;width=550px\" frameborder=\"0\" scrolling=\"no\" allowfullscreen=\"allowfullscreen\" data-tweet-id=\"1360654078070706179\" data-mce-fragment=\"1\"><\/iframe><\/div>\n<p>Los dos detenidos han sido trasladados a\u00a0<strong>Ja\u00e9n<\/strong>\u00a0para que rindan declaraciones, aunque esto se realizar\u00e1 de manera virtual, con el fin de evitar m\u00e1s protestas por la brutalidad policiaca, fuera de los juzgados de Linares,\u00a0<strong>Espa\u00f1a.\u00a0<\/strong><\/p>\n<div class=\"twitter-tweet twitter-tweet-rendered\"><iframe id=\"twitter-widget-1\" class=\"\" title=\"Twitter Tweet\" src=\"https:\/\/platform.twitter.com\/embed\/Tweet.html?creatorScreenName=24horasqroo&amp;dnt=false&amp;embedId=twitter-widget-1&amp;frame=false&amp;hideCard=false&amp;hideThread=false&amp;id=1360638800720924673&amp;lang=es&amp;origin=https%3A%2F%2Fwww.24horasqroo.mx%2Fnacional%2Ffgr-detiene-a-dos-probables-autores-materiales-de-ataque-a-familia-lebaron%2F&amp;siteScreenName=24horasqroo&amp;theme=light&amp;widgetsVersion=889aa01%3A1612811843556&amp;width=550px\" frameborder=\"0\" scrolling=\"no\" allowfullscreen=\"allowfullscreen\" data-tweet-id=\"1360638800720924673\" data-mce-fragment=\"1\"><\/iframe><\/div>\n<p>Se trata de un subinspector y un agente de la<strong>\u00a0Polic\u00eda Nacional<\/strong>\u00a0los que est\u00e1n ahora arrestados, seg\u00fan el portal<a href=\"https:\/\/www.20minutos.es\/noticia\/4583137\/0\/prision-preventiva-policias-autores-paliza-hombre-linares\/?autoref=true\" target=\"_blank\" rel=\"noopener noreferrer\">\u00a020 minutos<\/a>. En un\u00a0<strong><a href=\"https:\/\/docs.google.com\/document\/d\/11HN6YVBi7gRt2Jwp4-G4U8gXA-qGi-8j3lJnxIpkbTU\/edit\" target=\"_blank\" rel=\"noopener noreferrer\">comunicado<\/a>\u00a0<\/strong>de la\u00a0<strong>Agrupaci\u00f3n Reformista de Polic\u00edas<\/strong>, se ha exigido que los elementos responsables sean propuestos \u201cinmediatamente para su expulsi\u00f3n de la Polic\u00eda Nacional\u201d.<\/p>\n<p>Este hecho se origin\u00f3 el 12 de febrero cuando dos polic\u00edas fuera de servicio le propinaron una golpiza a un hombre y a su hija de 14 a\u00f1os, en el video se observa el momento en el que los agentes someten al vecino mientras su hija, en p\u00e1nico, intenta auxiliar a su padre, pero s\u00f3lo recibe golpes de parte de las autoridades.<\/p>\n<div class=\"twitter-tweet twitter-tweet-rendered\"><iframe id=\"twitter-widget-2\" class=\"\" title=\"Twitter Tweet\" src=\"https:\/\/platform.twitter.com\/embed\/Tweet.html?creatorScreenName=24horasqroo&amp;dnt=false&amp;embedId=twitter-widget-2&amp;frame=false&amp;hideCard=false&amp;hideThread=false&amp;id=1360331504979705857&amp;lang=es&amp;origin=https%3A%2F%2Fwww.24horasqroo.mx%2Fnacional%2Ffgr-detiene-a-dos-probables-autores-materiales-de-ataque-a-familia-lebaron%2F&amp;siteScreenName=24horasqroo&amp;theme=light&amp;widgetsVersion=889aa01%3A1612811843556&amp;width=550px\" frameborder=\"0\" scrolling=\"no\" allowfullscreen=\"allowfullscreen\" data-tweet-id=\"1360331504979705857\" data-mce-fragment=\"1\"><\/iframe><\/div>\n<p>Testigos en el lugar grabaron la escena, incluso algunos recibieron empujones por parte de los polic\u00edas, en otro video se escucha a uno de los agresores decir que \u201cefectivamente, con 14 a\u00f1os porque se ha metido en donde no ten\u00eda que meterse (\u2026) a todo el mundo, le hemos pegado a todo el mundo\u201d.<\/p>\n<div class=\"twitter-tweet twitter-tweet-rendered\"><iframe id=\"twitter-widget-3\" class=\"\" title=\"Twitter Tweet\" src=\"https:\/\/platform.twitter.com\/embed\/Tweet.html?creatorScreenName=24horasqroo&amp;dnt=false&amp;embedId=twitter-widget-3&amp;frame=false&amp;hideCard=false&amp;hideThread=false&amp;id=1360554077822865412&amp;lang=es&amp;origin=https%3A%2F%2Fwww.24horasqroo.mx%2Fnacional%2Ffgr-detiene-a-dos-probables-autores-materiales-de-ataque-a-familia-lebaron%2F&amp;siteScreenName=24horasqroo&amp;theme=light&amp;widgetsVersion=889aa01%3A1612811843556&amp;width=550px\" frameborder=\"0\" scrolling=\"no\" allowfullscreen=\"allowfullscreen\" data-tweet-id=\"1360554077822865412\" data-mce-fragment=\"1\"><\/iframe><\/div>\n<div class=\"twitter-tweet twitter-tweet-rendered\"><iframe id=\"twitter-widget-4\" class=\"\" title=\"Twitter Tweet\" src=\"https:\/\/platform.twitter.com\/embed\/Tweet.html?creatorScreenName=24horasqroo&amp;dnt=false&amp;embedId=twitter-widget-4&amp;frame=false&amp;hideCard=false&amp;hideThread=false&amp;id=1360554077822865412&amp;lang=es&amp;origin=https%3A%2F%2Fwww.24horasqroo.mx%2Fnacional%2Ffgr-detiene-a-dos-probables-autores-materiales-de-ataque-a-familia-lebaron%2F&amp;siteScreenName=24horasqroo&amp;theme=light&amp;widgetsVersion=889aa01%3A1612811843556&amp;width=550px\" frameborder=\"0\" scrolling=\"no\" allowfullscreen=\"allowfullscreen\" data-tweet-id=\"1360554077822865412\" data-mce-fragment=\"1\"><\/iframe><\/div>\n<h2>Protestas: \u201c\u00a1Sin la placa no sois nadie!\u201d<\/h2>\n<p>La v\u00edctima fue trasladada al\u00a0<strong>Hospital San Agust\u00edn<\/strong>, por lesiones en la c\u00f3rnea, nariz rota y una herida en la ceja, mientras que su hija result\u00f3 con un ojo inflamado y una fisura en un hueso del antebrazo.<\/p>\n<p>Decenas de personas se reunieron en los juzgados de Linares, con el objetivo de protestar por estos hechos, los gritos rezaban: \u201cfuera, fuera\u201d y \u201csin la placa no sois nadie\u201d.<\/p>\n<div class=\"twitter-tweet twitter-tweet-rendered\"><iframe id=\"twitter-widget-5\" class=\"\" title=\"Twitter Tweet\" src=\"https:\/\/platform.twitter.com\/embed\/Tweet.html?creatorScreenName=24horasqroo&amp;dnt=false&amp;embedId=twitter-widget-5&amp;frame=false&amp;hideCard=false&amp;hideThread=false&amp;id=1360635895498633217&amp;lang=es&amp;origin=https%3A%2F%2Fwww.24horasqroo.mx%2Fnacional%2Ffgr-detiene-a-dos-probables-autores-materiales-de-ataque-a-familia-lebaron%2F&amp;siteScreenName=24horasqroo&amp;theme=light&amp;widgetsVersion=889aa01%3A1612811843556&amp;width=550px\" frameborder=\"0\" scrolling=\"no\" allowfullscreen=\"allowfullscreen\" data-tweet-id=\"1360635895498633217\" data-mce-fragment=\"1\"><\/iframe><\/div>\n<p>Incluso hubo enfrentamientos con la polic\u00eda que deriv\u00f3 en lesionados y detenciones. 13 personas fueron detenidas, de entre ellos dos menores de edad y 19 polic\u00edas resultaron heridos, se report\u00f3 un coche de la polic\u00eda destrozado y la quema de varios contenedores, seg\u00fan el portal\u00a0<a href=\"https:\/\/as.com\/diarioas\/2021\/02\/13\/actualidad\/1613256786_509191.html\" target=\"_blank\" rel=\"noopener noreferrer\">AS<\/a>.<\/p>\n<div class=\"twitter-tweet twitter-tweet-rendered\"><iframe id=\"twitter-widget-6\" class=\"\" title=\"Twitter Tweet\" src=\"https:\/\/platform.twitter.com\/embed\/Tweet.html?creatorScreenName=24horasqroo&amp;dnt=false&amp;embedId=twitter-widget-6&amp;frame=false&amp;hideCard=false&amp;hideThread=false&amp;id=1360671240428650497&amp;lang=es&amp;origin=https%3A%2F%2Fwww.24horasqroo.mx%2Fnacional%2Ffgr-detiene-a-dos-probables-autores-materiales-de-ataque-a-familia-lebaron%2F&amp;siteScreenName=24horasqroo&amp;theme=light&amp;widgetsVersion=889aa01%3A1612811843556&amp;width=550px\" frameborder=\"0\" scrolling=\"no\" allowfullscreen=\"allowfullscreen\" data-tweet-id=\"1360671240428650497\" data-mce-fragment=\"1\"><\/iframe><\/div>\n<p>&nbsp;<\/p>\n<footer class=\"article-tags entry-footer\"><\/footer>\n<div class=\"article-navigation\">\n<div class=\"row\">\n<div class=\"small-12 medium-6 columns\"><\/div>\n<\/div>\n<\/div>\n","protected":false},"excerpt":{"rendered":"<p>Luego de que en\u00a0redes sociales\u00a0circularan varios videos denunciando una\u00a0agresi\u00f3n\u00a0por parte de\u00a0polic\u00edas\u00a0a un vecino de\u00a0Linares\u00a0y a su hija menor de edad, el juzgado n\u00famero tres de esta localidad decret\u00f3\u00a0prisi\u00f3n\u00a0preventiva para los dos elementos involucrados. Los dos detenidos han sido trasladados a\u00a0Ja\u00e9n\u00a0para que rindan declaraciones, aunque esto se realizar\u00e1 de manera virtual, con el fin de evitar [&hellip;]<\/p>\n","protected":false},"author":1,"featured_media":2325,"comment_status":"open","ping_status":"open","sticky":false,"template":"","format":"standard","meta":{"footnotes":""},"categories":[5],"tags":[],"class_list":["post-2324","post","type-post","status-publish","format-standard","has-post-thumbnail","hentry","category-internacional"],"_links":{"self":[{"href":"https:\/\/podernacional.com\/index.php?rest_route=\/wp\/v2\/posts\/2324","targetHints":{"allow":["GET"]}}],"collection":[{"href":"https:\/\/podernacional.com\/index.php?rest_route=\/wp\/v2\/posts"}],"about":[{"href":"https:\/\/podernacional.com\/index.php?rest_route=\/wp\/v2\/types\/post"}],"author":[{"embeddable":true,"href":"https:\/\/podernacional.com\/index.php?rest_route=\/wp\/v2\/users\/1"}],"replies":[{"embeddable":true,"href":"https:\/\/podernacional.com\/index.php?rest_route=%2Fwp%2Fv2%2Fcomments&post=2324"}],"version-history":[{"count":0,"href":"https:\/\/podernacional.com\/index.php?rest_route=\/wp\/v2\/posts\/2324\/revisions"}],"wp:featuredmedia":[{"embeddable":true,"href":"https:\/\/podernacional.com\/index.php?rest_route=\/wp\/v2\/media\/2325"}],"wp:attachment":[{"href":"https:\/\/podernacional.com\/index.php?rest_route=%2Fwp%2Fv2%2Fmedia&parent=2324"}],"wp:term":[{"taxonomy":"category","embeddable":true,"href":"https:\/\/podernacional.com\/index.php?rest_route=%2Fwp%2Fv2%2Fcategories&post=2324"},{"taxonomy":"post_tag","embeddable":true,"href":"https:\/\/podernacional.com\/index.php?rest_route=%2Fwp%2Fv2%2Ftags&post=2324"}],"curies":[{"name":"wp","href":"https:\/\/api.w.org\/{rel}","templated":true}]}}