{"id":23285,"date":"2024-08-06T11:45:15","date_gmt":"2024-08-06T16:45:15","guid":{"rendered":"https:\/\/podernacional.com\/?p=23285"},"modified":"2024-08-06T16:45:16","modified_gmt":"2024-08-06T16:45:16","slug":"cristina-fernandez-agradece-a-la-cdmx-por-el-apoyo-que-dio-a-argentinos-exiliados","status":"publish","type":"post","link":"https:\/\/podernacional.com\/?p=23285","title":{"rendered":"Cristina Fern\u00e1ndez agradece a la CDMX por el apoyo que dio a argentinos exiliados"},"content":{"rendered":"<p>\ud83d\udd38Autoridades de la capital la declararon hu\u00e9sped distinguida y le entregaron las llaves de la ciudad.<\/p>\n<p>CDMX | La expresidenta de Argentina, Cristina Fern\u00e1ndez de Kirchner, fue nombrada Hu\u00e9sped Distinguida de la Ciudad de M\u00e9xico y recibi\u00f3 de manos del jefe de gobierno, Mart\u00ed Batres, el pergamino y la medalla correspondientes, as\u00ed como la \u201cLlave de la Ciudad\u201d.<\/p>\n<p>La ceremonia de distinci\u00f3n se realiz\u00f3 en el Antiguo Palacio del Ayuntamiento la ma\u00f1ana de este lunes, como parte de la visita que la exfuncionaria argentina hace al pa\u00eds.<\/p>\n<p>En su discurso, Fern\u00e1ndez de Kirchner, destac\u00f3 el momento pol\u00edtico que vive M\u00e9xico:<\/p>\n<p>\u201cEs tiempo de mujeres, y la verdad que estamos muy felices de todo lo que ha sucedido aqu\u00ed en M\u00e9xico, que se ha constituido, sin lugar a dudas, en un faro para todos los hombres y mujeres que abrazamos la pol\u00edtica con una comprensi\u00f3n y una convicci\u00f3n de que es para transformar la vida de nuestros pa\u00edses\u201d, coment\u00f3.<\/p>\n<p>Tambi\u00e9n agradeci\u00f3 el reconocimiento que le da el Gobierno de la CDMX, as\u00ed como el asilo que la capital brind\u00f3 a personas argentinas exiliadas que hu\u00edan de la dictadura.<\/p>\n<p>La exmandataria argentina agreg\u00f3 que la CDMX \u201clos acogi\u00f3 a todos y se cre\u00f3 una nueva categor\u00eda, \u2018los argenmex\u2019 porque, as\u00ed como muchos volvieron a nuestro pa\u00eds, una vez que retorn\u00f3 la democracia en 1983, lo cierto es que otros definitivamente se quedaron aqu\u00ed, constituyendo esa categor\u00eda de \u2018argenmex\u2019, hombres y mujeres de la cultura, de la educaci\u00f3n, del arte, de las ciencias sociales. As\u00ed que este reconocimiento por parte de la Ciudad de M\u00e9xico es para m\u00ed una caricia al alma\u201d.<\/p>\n","protected":false},"excerpt":{"rendered":"<p>\ud83d\udd38Autoridades de la capital la declararon hu\u00e9sped distinguida y le entregaron las llaves de la ciudad. CDMX | La expresidenta de Argentina, Cristina Fern\u00e1ndez de Kirchner, fue nombrada Hu\u00e9sped Distinguida de la Ciudad de M\u00e9xico y recibi\u00f3 de manos del jefe de gobierno, Mart\u00ed Batres, el pergamino y la medalla correspondientes, as\u00ed como la \u201cLlave [&hellip;]<\/p>\n","protected":false},"author":1,"featured_media":23287,"comment_status":"open","ping_status":"closed","sticky":false,"template":"","format":"standard","meta":{"footnotes":""},"categories":[141],"tags":[],"class_list":["post-23285","post","type-post","status-publish","format-standard","has-post-thumbnail","hentry","category-cdmx"],"_links":{"self":[{"href":"https:\/\/podernacional.com\/index.php?rest_route=\/wp\/v2\/posts\/23285","targetHints":{"allow":["GET"]}}],"collection":[{"href":"https:\/\/podernacional.com\/index.php?rest_route=\/wp\/v2\/posts"}],"about":[{"href":"https:\/\/podernacional.com\/index.php?rest_route=\/wp\/v2\/types\/post"}],"author":[{"embeddable":true,"href":"https:\/\/podernacional.com\/index.php?rest_route=\/wp\/v2\/users\/1"}],"replies":[{"embeddable":true,"href":"https:\/\/podernacional.com\/index.php?rest_route=%2Fwp%2Fv2%2Fcomments&post=23285"}],"version-history":[{"count":1,"href":"https:\/\/podernacional.com\/index.php?rest_route=\/wp\/v2\/posts\/23285\/revisions"}],"predecessor-version":[{"id":23286,"href":"https:\/\/podernacional.com\/index.php?rest_route=\/wp\/v2\/posts\/23285\/revisions\/23286"}],"wp:featuredmedia":[{"embeddable":true,"href":"https:\/\/podernacional.com\/index.php?rest_route=\/wp\/v2\/media\/23287"}],"wp:attachment":[{"href":"https:\/\/podernacional.com\/index.php?rest_route=%2Fwp%2Fv2%2Fmedia&parent=23285"}],"wp:term":[{"taxonomy":"category","embeddable":true,"href":"https:\/\/podernacional.com\/index.php?rest_route=%2Fwp%2Fv2%2Fcategories&post=23285"},{"taxonomy":"post_tag","embeddable":true,"href":"https:\/\/podernacional.com\/index.php?rest_route=%2Fwp%2Fv2%2Ftags&post=23285"}],"curies":[{"name":"wp","href":"https:\/\/api.w.org\/{rel}","templated":true}]}}