{"id":23312,"date":"2024-08-07T11:59:16","date_gmt":"2024-08-07T16:59:16","guid":{"rendered":"https:\/\/podernacional.com\/?p=23312"},"modified":"2024-08-07T16:59:17","modified_gmt":"2024-08-07T16:59:17","slug":"vuelca-camioneta-con-25-migrantes-en-carretera-de-veracruz","status":"publish","type":"post","link":"https:\/\/podernacional.com\/?p=23312","title":{"rendered":"Vuelca camioneta con 25 migrantes en carretera de Veracruz"},"content":{"rendered":"<p>Una camioneta que transportaba a 25 migrantes volc\u00f3 esta madrugada en la carretera Coatzacoalcos-Minatitl\u00e1n, justo en el tramo conocido como Las Matas, en Veracruz.<\/p>\n<p>El veh\u00edculo, una Nissan Urvan color blanco con placas de Tabasco, era transportado por un hondure\u00f1o identificado como Cristian Francisco \u201cN\u201d, quien logr\u00f3 fugarse del sitio.<\/p>\n<p>Medios locales apuntaron que el conductor aparentemente se qued\u00f3 dormido en pleno viaje, lo que ocasion\u00f3 la volcadura.<\/p>\n<p>En el lugar del accidente, autoridades de Veracruz solo lograron rescatar a nueve personas \u00e1rabes y tan solo chinos, los dem\u00e1s se dieron a la fuga. Varios migrantes tuvieron que ser atendidos por param\u00e9dicos.<\/p>\n<p>Abraham Vel\u00e1zquez, director de la Polic\u00eda Municipal de Cosoleacaque, dijo que se solicit\u00f3 la intervenci\u00f3n del Personal del Instituto Nacional de Migraci\u00f3n (INM), para atender a las personas de origen extranjero,<\/p>\n","protected":false},"excerpt":{"rendered":"<p>Una camioneta que transportaba a 25 migrantes volc\u00f3 esta madrugada en la carretera Coatzacoalcos-Minatitl\u00e1n, justo en el tramo conocido como Las Matas, en Veracruz. El veh\u00edculo, una Nissan Urvan color blanco con placas de Tabasco, era transportado por un hondure\u00f1o identificado como Cristian Francisco \u201cN\u201d, quien logr\u00f3 fugarse del sitio. Medios locales apuntaron que el [&hellip;]<\/p>\n","protected":false},"author":1,"featured_media":23314,"comment_status":"open","ping_status":"closed","sticky":false,"template":"","format":"standard","meta":{"footnotes":""},"categories":[7],"tags":[],"class_list":["post-23312","post","type-post","status-publish","format-standard","has-post-thumbnail","hentry","category-nacional"],"_links":{"self":[{"href":"https:\/\/podernacional.com\/index.php?rest_route=\/wp\/v2\/posts\/23312","targetHints":{"allow":["GET"]}}],"collection":[{"href":"https:\/\/podernacional.com\/index.php?rest_route=\/wp\/v2\/posts"}],"about":[{"href":"https:\/\/podernacional.com\/index.php?rest_route=\/wp\/v2\/types\/post"}],"author":[{"embeddable":true,"href":"https:\/\/podernacional.com\/index.php?rest_route=\/wp\/v2\/users\/1"}],"replies":[{"embeddable":true,"href":"https:\/\/podernacional.com\/index.php?rest_route=%2Fwp%2Fv2%2Fcomments&post=23312"}],"version-history":[{"count":1,"href":"https:\/\/podernacional.com\/index.php?rest_route=\/wp\/v2\/posts\/23312\/revisions"}],"predecessor-version":[{"id":23313,"href":"https:\/\/podernacional.com\/index.php?rest_route=\/wp\/v2\/posts\/23312\/revisions\/23313"}],"wp:featuredmedia":[{"embeddable":true,"href":"https:\/\/podernacional.com\/index.php?rest_route=\/wp\/v2\/media\/23314"}],"wp:attachment":[{"href":"https:\/\/podernacional.com\/index.php?rest_route=%2Fwp%2Fv2%2Fmedia&parent=23312"}],"wp:term":[{"taxonomy":"category","embeddable":true,"href":"https:\/\/podernacional.com\/index.php?rest_route=%2Fwp%2Fv2%2Fcategories&post=23312"},{"taxonomy":"post_tag","embeddable":true,"href":"https:\/\/podernacional.com\/index.php?rest_route=%2Fwp%2Fv2%2Ftags&post=23312"}],"curies":[{"name":"wp","href":"https:\/\/api.w.org\/{rel}","templated":true}]}}