{"id":23399,"date":"2024-08-13T11:34:56","date_gmt":"2024-08-13T16:34:56","guid":{"rendered":"https:\/\/podernacional.com\/?p=23399"},"modified":"2024-08-13T16:34:58","modified_gmt":"2024-08-13T16:34:58","slug":"dictan-prision-preventiva-al-actor-de-doblaje-alfonso-obregon-acusado-de-abuso-sexual","status":"publish","type":"post","link":"https:\/\/podernacional.com\/?p=23399","title":{"rendered":"Dictan prisi\u00f3n preventiva al actor de doblaje Alfonso Obreg\u00f3n, acusado de abuso sexual"},"content":{"rendered":"<p>Al actor de doblaje Alfonso Obreg\u00f3n se le acusa de haber perpetrado abuso sexual en agravio de una v\u00edctima en 2022, a quien daba clases<\/p>\n<p>&nbsp;<\/p>\n<p>La Fiscal\u00eda de la Ciudad de M\u00e9xico inform\u00f3 que un juez de control mantuvo la medida cautelar de prisi\u00f3n preventiva al actor de doblaje Alfonso Obreg\u00f3n, reconocido por dar voz al personaje Shrek, acusado del delito de abuso sexual.<\/p>\n<p>El juzgador dio por cumplimentada la orden de aprehensi\u00f3n y el agente Ministerio P\u00fablico de la Coordinaci\u00f3n General de Investigaci\u00f3n de Delitos de G\u00e9nero formul\u00f3 la imputaci\u00f3n correspondiente. La defensa del imputado solicit\u00f3 la duplicidad del t\u00e9rmino constitucional, la cual fue concedida.<\/p>\n<p>De acuerdo con las investigaciones, el sujeto presuntamente habr\u00eda abusado sexualmente de una v\u00edctima, a quien impart\u00eda clases, el 9 de febrero de 2022, en un departamento de la colonia Tr\u00e1nsito de la alcald\u00eda Cuauht\u00e9moc.<\/p>\n<p>Alfonso Obreg\u00f3n Incl\u00e1n es uno de los actores mexicanos de doblaje m\u00e1s reconocidos, cuyos papeles suelen ser muy distintos entre s\u00ed.<\/p>\n<p>Interpret\u00f3 al legendario Bugs Bunny entre 1996 y el 2000; adem\u00e1s de hacerlo en las pel\u00edculas S\u00faper 8 y Space Jam: Una nueva era.<\/p>\n<p>Tambi\u00e9n ha actuado como Marty en la franquicia de \u2018Madagascar\u2019, Ren H\u00f6ek en \u2018Ren y Stimpy\u2019, Bob en \u2018ReBoot\u2019, Kakashi Hatake en \u2018Naruto\u2019 y \u2018Naruto Shipp\u016bden\u2019, la segunda voz de Fox Mulder en \u2018Los expedientes secretos X\u2019 y Princesa Grumosa en \u2018Hora de aventura\u2019.<\/p>\n<p>De manera recurrente tambi\u00e9n interpreta a Mike Myers, Woody Allen, David Duchovny, Chris Rock y Chris Tucker.<\/p>\n","protected":false},"excerpt":{"rendered":"<p>Al actor de doblaje Alfonso Obreg\u00f3n se le acusa de haber perpetrado abuso sexual en agravio de una v\u00edctima en 2022, a quien daba clases &nbsp; La Fiscal\u00eda de la Ciudad de M\u00e9xico inform\u00f3 que un juez de control mantuvo la medida cautelar de prisi\u00f3n preventiva al actor de doblaje Alfonso Obreg\u00f3n, reconocido por dar [&hellip;]<\/p>\n","protected":false},"author":1,"featured_media":23401,"comment_status":"open","ping_status":"closed","sticky":false,"template":"","format":"standard","meta":{"footnotes":""},"categories":[7],"tags":[],"class_list":["post-23399","post","type-post","status-publish","format-standard","has-post-thumbnail","hentry","category-nacional"],"_links":{"self":[{"href":"https:\/\/podernacional.com\/index.php?rest_route=\/wp\/v2\/posts\/23399","targetHints":{"allow":["GET"]}}],"collection":[{"href":"https:\/\/podernacional.com\/index.php?rest_route=\/wp\/v2\/posts"}],"about":[{"href":"https:\/\/podernacional.com\/index.php?rest_route=\/wp\/v2\/types\/post"}],"author":[{"embeddable":true,"href":"https:\/\/podernacional.com\/index.php?rest_route=\/wp\/v2\/users\/1"}],"replies":[{"embeddable":true,"href":"https:\/\/podernacional.com\/index.php?rest_route=%2Fwp%2Fv2%2Fcomments&post=23399"}],"version-history":[{"count":1,"href":"https:\/\/podernacional.com\/index.php?rest_route=\/wp\/v2\/posts\/23399\/revisions"}],"predecessor-version":[{"id":23400,"href":"https:\/\/podernacional.com\/index.php?rest_route=\/wp\/v2\/posts\/23399\/revisions\/23400"}],"wp:featuredmedia":[{"embeddable":true,"href":"https:\/\/podernacional.com\/index.php?rest_route=\/wp\/v2\/media\/23401"}],"wp:attachment":[{"href":"https:\/\/podernacional.com\/index.php?rest_route=%2Fwp%2Fv2%2Fmedia&parent=23399"}],"wp:term":[{"taxonomy":"category","embeddable":true,"href":"https:\/\/podernacional.com\/index.php?rest_route=%2Fwp%2Fv2%2Fcategories&post=23399"},{"taxonomy":"post_tag","embeddable":true,"href":"https:\/\/podernacional.com\/index.php?rest_route=%2Fwp%2Fv2%2Ftags&post=23399"}],"curies":[{"name":"wp","href":"https:\/\/api.w.org\/{rel}","templated":true}]}}