{"id":23471,"date":"2024-08-15T11:53:06","date_gmt":"2024-08-15T16:53:06","guid":{"rendered":"https:\/\/podernacional.com\/?p=23471"},"modified":"2024-08-15T16:53:08","modified_gmt":"2024-08-15T16:53:08","slug":"pepe-chedraui-anuncia-la-instalacion-de-la-comision-de-transicion-del-gobierno-municipal-de-puebla","status":"publish","type":"post","link":"https:\/\/podernacional.com\/?p=23471","title":{"rendered":"Pepe Chedraui anuncia la instalaci\u00f3n de la Comisi\u00f3n de Transici\u00f3n del Gobierno Municipal de Puebla"},"content":{"rendered":"<p>\ud83d\udd38 \u00abEste es un esfuerzo conjunto para garantizar que el cambio de administraci\u00f3n se lleve a cabo de manera ordenada y transparente, en beneficio de todos los poblanos\u00bb, dijo el alcalde electo<\/p>\n<p>#PUEBLA | Pepe Chedraui, como Presidente Municipal electo de Puebla, anunci\u00f3 la instalaci\u00f3n formal de la Comisi\u00f3n de Transici\u00f3n del Gobierno Municipal, marcando el inicio de los trabajos de entrega-recepci\u00f3n con la administraci\u00f3n saliente.<\/p>\n<p>En un esfuerzo por asegurar un proceso transparente y eficiente, Pepe Chedraui destac\u00f3 que su equipo de transici\u00f3n est\u00e1 conformado por destacados poblanos y poblanas con una s\u00f3lida trayectoria en el servicio p\u00fablico. Entre los integrantes se encuentran Franco Rodr\u00edguez, M\u00f3nica Silva, Gabriel Biestro, Georgina Ruiz Toledo, Jes\u00fas S\u00e1nchez Reliac, Zaira Gonz\u00e1lez G\u00f3mez, David Aysa de Salazar, Karina Asunci\u00f3n Romero Sainz y Fausto Gonz\u00e1lez Ram\u00edrez Zenteno.<\/p>\n<p>Durante el tercer encuentro entre los equipos de transici\u00f3n, se discutieron temas cruciales relacionados con las \u00e1reas administrativas de Desarrollo Urbano, el Servicio de Limpia y la Gerencia del Centro Hist\u00f3rico. Estos temas son clave para garantizar la continuidad y el buen funcionamiento de los servicios que afectan directamente a la calidad de vida de los habitantes.<\/p>\n<p>Chedraui expres\u00f3 su agradecimiento por la apertura y disposici\u00f3n mostrada por el actual Presidente Municipal, Ad\u00e1n Dom\u00ednguez, y su equipo de trabajo, quienes han colaborado para facilitar este proceso de transici\u00f3n. \u00abEste es un esfuerzo conjunto para garantizar que el cambio de administraci\u00f3n se lleve a cabo de manera ordenada y transparente, en beneficio de todos los poblanos\u00bb, afirm\u00f3.<\/p>\n<p>El proceso de entrega-recepci\u00f3n es una fase fundamental para asegurar que el nuevo gobierno municipal tenga toda la informaci\u00f3n y herramientas necesarias para continuar con los proyectos en curso y enfrentar los retos que se presenten durante su gesti\u00f3n. Con la instalaci\u00f3n de esta comisi\u00f3n, Pepe Chedraui reafirma su compromiso con una administraci\u00f3n eficiente y en sinton\u00eda con las necesidades de la ciudadan\u00eda.<\/p>\n","protected":false},"excerpt":{"rendered":"<p>\ud83d\udd38 \u00abEste es un esfuerzo conjunto para garantizar que el cambio de administraci\u00f3n se lleve a cabo de manera ordenada y transparente, en beneficio de todos los poblanos\u00bb, dijo el alcalde electo #PUEBLA | Pepe Chedraui, como Presidente Municipal electo de Puebla, anunci\u00f3 la instalaci\u00f3n formal de la Comisi\u00f3n de Transici\u00f3n del Gobierno Municipal, marcando [&hellip;]<\/p>\n","protected":false},"author":1,"featured_media":23473,"comment_status":"open","ping_status":"closed","sticky":false,"template":"","format":"standard","meta":{"footnotes":""},"categories":[149],"tags":[],"class_list":["post-23471","post","type-post","status-publish","format-standard","has-post-thumbnail","hentry","category-puebla"],"_links":{"self":[{"href":"https:\/\/podernacional.com\/index.php?rest_route=\/wp\/v2\/posts\/23471","targetHints":{"allow":["GET"]}}],"collection":[{"href":"https:\/\/podernacional.com\/index.php?rest_route=\/wp\/v2\/posts"}],"about":[{"href":"https:\/\/podernacional.com\/index.php?rest_route=\/wp\/v2\/types\/post"}],"author":[{"embeddable":true,"href":"https:\/\/podernacional.com\/index.php?rest_route=\/wp\/v2\/users\/1"}],"replies":[{"embeddable":true,"href":"https:\/\/podernacional.com\/index.php?rest_route=%2Fwp%2Fv2%2Fcomments&post=23471"}],"version-history":[{"count":1,"href":"https:\/\/podernacional.com\/index.php?rest_route=\/wp\/v2\/posts\/23471\/revisions"}],"predecessor-version":[{"id":23472,"href":"https:\/\/podernacional.com\/index.php?rest_route=\/wp\/v2\/posts\/23471\/revisions\/23472"}],"wp:featuredmedia":[{"embeddable":true,"href":"https:\/\/podernacional.com\/index.php?rest_route=\/wp\/v2\/media\/23473"}],"wp:attachment":[{"href":"https:\/\/podernacional.com\/index.php?rest_route=%2Fwp%2Fv2%2Fmedia&parent=23471"}],"wp:term":[{"taxonomy":"category","embeddable":true,"href":"https:\/\/podernacional.com\/index.php?rest_route=%2Fwp%2Fv2%2Fcategories&post=23471"},{"taxonomy":"post_tag","embeddable":true,"href":"https:\/\/podernacional.com\/index.php?rest_route=%2Fwp%2Fv2%2Ftags&post=23471"}],"curies":[{"name":"wp","href":"https:\/\/api.w.org\/{rel}","templated":true}]}}