{"id":23569,"date":"2024-08-20T11:48:27","date_gmt":"2024-08-20T16:48:27","guid":{"rendered":"https:\/\/podernacional.com\/?p=23569"},"modified":"2024-08-20T16:48:28","modified_gmt":"2024-08-20T16:48:28","slug":"cuauhtemoc-ochoa-felicita-a-cesar-cravioto-por-su-nombramiento-en-la-cdmx","status":"publish","type":"post","link":"https:\/\/podernacional.com\/?p=23569","title":{"rendered":"Cuauht\u00e9moc Ochoa felicita a C\u00e9sar Cravioto por su nombramiento en la CDMX"},"content":{"rendered":"<p>\ud83d\udd38Clara Brugada, pr\u00f3xima jefa de gobierno de la capital del pa\u00eds, nombr\u00f3 a Cravioto Romero como su pr\u00f3ximo Secretario de Gobierno.<\/p>\n<p>#HIDALGO El senador electo Cuauht\u00e9moc Ochoa Fern\u00e1ndez felicit\u00f3 a C\u00e9sar Cravioto Romero por su reciente nombramiento como pr\u00f3ximo Secretario de Gobernaci\u00f3n de la Ciudad de M\u00e9xico.<\/p>\n<p>En un mensaje publicado en sus redes sociales, Ochoa Fern\u00e1ndez expres\u00f3 su confianza en que la experiencia de Cravioto ser\u00e1 fundamental para fortalecer el proyecto de gobierno junto con la Jefa de Gobierno electa, Clara Brugada.<\/p>\n<p>Destac\u00f3 la importancia de esta designaci\u00f3n para avanzar en el proceso de transformaci\u00f3n del pa\u00eds, mencionando que el nuevo secretario y Brugada trabajar\u00e1n en conjunto con Claudia Sheinbaum, presidenta electa de M\u00e9xico.<\/p>\n<p>\u00ab\u00a1Enhorabuena y mucho \u00e9xito en esta nueva etapa!\u00bb, finaliz\u00f3 el pr\u00f3ximo Senador de la Rep\u00fablica Mexicana.<\/p>\n","protected":false},"excerpt":{"rendered":"<p>\ud83d\udd38Clara Brugada, pr\u00f3xima jefa de gobierno de la capital del pa\u00eds, nombr\u00f3 a Cravioto Romero como su pr\u00f3ximo Secretario de Gobierno. #HIDALGO El senador electo Cuauht\u00e9moc Ochoa Fern\u00e1ndez felicit\u00f3 a C\u00e9sar Cravioto Romero por su reciente nombramiento como pr\u00f3ximo Secretario de Gobernaci\u00f3n de la Ciudad de M\u00e9xico. En un mensaje publicado en sus redes sociales, [&hellip;]<\/p>\n","protected":false},"author":1,"featured_media":23571,"comment_status":"open","ping_status":"closed","sticky":false,"template":"","format":"standard","meta":{"footnotes":""},"categories":[152],"tags":[],"class_list":["post-23569","post","type-post","status-publish","format-standard","has-post-thumbnail","hentry","category-hidalgo"],"_links":{"self":[{"href":"https:\/\/podernacional.com\/index.php?rest_route=\/wp\/v2\/posts\/23569","targetHints":{"allow":["GET"]}}],"collection":[{"href":"https:\/\/podernacional.com\/index.php?rest_route=\/wp\/v2\/posts"}],"about":[{"href":"https:\/\/podernacional.com\/index.php?rest_route=\/wp\/v2\/types\/post"}],"author":[{"embeddable":true,"href":"https:\/\/podernacional.com\/index.php?rest_route=\/wp\/v2\/users\/1"}],"replies":[{"embeddable":true,"href":"https:\/\/podernacional.com\/index.php?rest_route=%2Fwp%2Fv2%2Fcomments&post=23569"}],"version-history":[{"count":1,"href":"https:\/\/podernacional.com\/index.php?rest_route=\/wp\/v2\/posts\/23569\/revisions"}],"predecessor-version":[{"id":23570,"href":"https:\/\/podernacional.com\/index.php?rest_route=\/wp\/v2\/posts\/23569\/revisions\/23570"}],"wp:featuredmedia":[{"embeddable":true,"href":"https:\/\/podernacional.com\/index.php?rest_route=\/wp\/v2\/media\/23571"}],"wp:attachment":[{"href":"https:\/\/podernacional.com\/index.php?rest_route=%2Fwp%2Fv2%2Fmedia&parent=23569"}],"wp:term":[{"taxonomy":"category","embeddable":true,"href":"https:\/\/podernacional.com\/index.php?rest_route=%2Fwp%2Fv2%2Fcategories&post=23569"},{"taxonomy":"post_tag","embeddable":true,"href":"https:\/\/podernacional.com\/index.php?rest_route=%2Fwp%2Fv2%2Ftags&post=23569"}],"curies":[{"name":"wp","href":"https:\/\/api.w.org\/{rel}","templated":true}]}}