{"id":23578,"date":"2024-08-20T12:45:20","date_gmt":"2024-08-20T17:45:20","guid":{"rendered":"https:\/\/podernacional.com\/?p=23578"},"modified":"2024-08-20T17:45:21","modified_gmt":"2024-08-20T17:45:21","slug":"cesar-cravioto-anuncia-prioridades-como-proximo-secretario-de-gobierno-en-la-cdmx","status":"publish","type":"post","link":"https:\/\/podernacional.com\/?p=23578","title":{"rendered":"C\u00e9sar Cravioto anuncia prioridades como pr\u00f3ximo Secretario de Gobierno en la CDMX"},"content":{"rendered":"<p>\ud83d\udd38 El a\u00fan legislador, subray\u00f3 la importancia de la comunicaci\u00f3n abierta y constructiva con los movimientos sociales<\/p>\n<p>#CDMX | C\u00e9sar Cravioto, actual Senador de la Rep\u00fablica y designado como pr\u00f3ximo Secretario de Gobierno de la Ciudad de M\u00e9xico bajo el liderazgo de la Jefa de Gobierno electa, Clara Brugada, ha delineado sus principales objetivos para el cargo que asumir\u00e1. En una reciente entrevista, Cravioto destac\u00f3 su compromiso con la gobernabilidad y la colaboraci\u00f3n efectiva con diversos sectores de la ciudad.<\/p>\n<p>\u201cParte de mis tareas como pr\u00f3ximo Secretario de Gobierno ser\u00e1 asegurar la gobernabilidad en la CDMX, fortalecer la relaci\u00f3n con el Congreso y alcald\u00edas, as\u00ed como con los partidos pol\u00edticos, organizaciones gremiales y ciudadanas,\u201d declar\u00f3 Cravioto. Este enfoque, seg\u00fan el senador, es fundamental para mantener un di\u00e1logo constante y respetuoso con la poblaci\u00f3n.<\/p>\n<p>Cravioto subray\u00f3 la importancia de la comunicaci\u00f3n abierta y constructiva con los movimientos sociales, enfatizando que en una ciudad que valora los derechos y libertades, la administraci\u00f3n de Brugada reforzar\u00e1 el contacto y la colaboraci\u00f3n con diferentes sectores de la sociedad. \u201cVamos a mantener un di\u00e1logo permanente y respetuoso con toda la poblaci\u00f3n,\u201d asegur\u00f3.<\/p>\n<p>Adem\u00e1s, el pr\u00f3ximo Secretario de Gobierno se comprometi\u00f3 a trabajar en estrecha colaboraci\u00f3n con los alcaldes electos para abordar y resolver las principales problem\u00e1ticas que enfrenta la ciudadan\u00eda. Este enfoque integral y colaborativo busca mejorar la calidad de vida en la capital y responder de manera efectiva a las necesidades de los habitantes de la Ciudad de M\u00e9xico.<\/p>\n","protected":false},"excerpt":{"rendered":"<p>\ud83d\udd38 El a\u00fan legislador, subray\u00f3 la importancia de la comunicaci\u00f3n abierta y constructiva con los movimientos sociales #CDMX | C\u00e9sar Cravioto, actual Senador de la Rep\u00fablica y designado como pr\u00f3ximo Secretario de Gobierno de la Ciudad de M\u00e9xico bajo el liderazgo de la Jefa de Gobierno electa, Clara Brugada, ha delineado sus principales objetivos para [&hellip;]<\/p>\n","protected":false},"author":1,"featured_media":23580,"comment_status":"open","ping_status":"closed","sticky":false,"template":"","format":"standard","meta":{"footnotes":""},"categories":[141],"tags":[],"class_list":["post-23578","post","type-post","status-publish","format-standard","has-post-thumbnail","hentry","category-cdmx"],"_links":{"self":[{"href":"https:\/\/podernacional.com\/index.php?rest_route=\/wp\/v2\/posts\/23578","targetHints":{"allow":["GET"]}}],"collection":[{"href":"https:\/\/podernacional.com\/index.php?rest_route=\/wp\/v2\/posts"}],"about":[{"href":"https:\/\/podernacional.com\/index.php?rest_route=\/wp\/v2\/types\/post"}],"author":[{"embeddable":true,"href":"https:\/\/podernacional.com\/index.php?rest_route=\/wp\/v2\/users\/1"}],"replies":[{"embeddable":true,"href":"https:\/\/podernacional.com\/index.php?rest_route=%2Fwp%2Fv2%2Fcomments&post=23578"}],"version-history":[{"count":1,"href":"https:\/\/podernacional.com\/index.php?rest_route=\/wp\/v2\/posts\/23578\/revisions"}],"predecessor-version":[{"id":23579,"href":"https:\/\/podernacional.com\/index.php?rest_route=\/wp\/v2\/posts\/23578\/revisions\/23579"}],"wp:featuredmedia":[{"embeddable":true,"href":"https:\/\/podernacional.com\/index.php?rest_route=\/wp\/v2\/media\/23580"}],"wp:attachment":[{"href":"https:\/\/podernacional.com\/index.php?rest_route=%2Fwp%2Fv2%2Fmedia&parent=23578"}],"wp:term":[{"taxonomy":"category","embeddable":true,"href":"https:\/\/podernacional.com\/index.php?rest_route=%2Fwp%2Fv2%2Fcategories&post=23578"},{"taxonomy":"post_tag","embeddable":true,"href":"https:\/\/podernacional.com\/index.php?rest_route=%2Fwp%2Fv2%2Ftags&post=23578"}],"curies":[{"name":"wp","href":"https:\/\/api.w.org\/{rel}","templated":true}]}}