{"id":23596,"date":"2024-08-21T11:47:53","date_gmt":"2024-08-21T16:47:53","guid":{"rendered":"https:\/\/podernacional.com\/?p=23596"},"modified":"2024-08-21T16:47:55","modified_gmt":"2024-08-21T16:47:55","slug":"paren-todo-mexico-podria-jugar-otro-amistoso-en-puebla","status":"publish","type":"post","link":"https:\/\/podernacional.com\/?p=23596","title":{"rendered":"\u00a1Paren todo! M\u00e9xico podr\u00eda jugar otro amistoso \u00a1en Puebla!"},"content":{"rendered":"<p>\ud83d\udd38A falta de confirmaci\u00f3n, la FMF estar\u00eda considerando el Estadio Cuauht\u00e9moc para un segundo duelo del Tricolor en octubre.<\/p>\n<p>PUEBLA | Tras el anuncio del amistoso entre M\u00e9xico y Estados Unidos en Guadalajara, la Selecci\u00f3n Mexicana se prepara para cerrar su calendario en la Fecha FIFA de octubre, y todo apunta a que habr\u00e1 un segundo enfrentamiento \u00a1en la ciudad de Puebla!<\/p>\n<p>De acuerdo con Claro Sports, para los dos partidos que se jugar\u00e1n en territorio mexicano, y no en Estados Unidos como de costumbre, la Federaci\u00f3n Mexicana de Futbol estar\u00eda considerando el Estadio Cuauht\u00e9moc para el segundo enfrentamiento del Tricolor dentro de dos meses.<\/p>\n<p>El \u00fanico detalle es que este duelo no ser\u00e1 contra una selecci\u00f3n, sino contra un club internacional, algo poco com\u00fan para una equipo nacional. La raz\u00f3n principal es que en octubre varias selecciones estar\u00e1n ocupadas con torneos oficiales de sus respectivas confederaciones.<\/p>\n<p>En Sudam\u00e9rica y Asia, se disputan las eliminatorias para el Mundial de 2026. En Europa, la Liga de Naciones de la UEFA, y en \u00c1frica, la clasificaci\u00f3n para la Copa Africana de Naciones. Esto significa que no es posible encontrar rivales en ninguna de estas cuatro confederaciones.<\/p>\n<p>Por ello, la FMF est\u00e1 considerando al Valencia de LaLiga como posible rival de M\u00e9xico, aunque es probable que no pueda contar con sus titulares por los compromisos ya mencionados. A\u00fan no hay nada confirmado, ya que se siguen evaluando m\u00e1s opciones tanto de rival como de sede.<\/p>\n<p>Una vez que se haga oficial el encuentro, Javier Aguirre tendr\u00e1 cuatro compromisos en su tercera etapa como entrenador de la Selecci\u00f3n Mexicana: los amistosos contra Nueva Zelanda y Canad\u00e1 el 7 y 10 de septiembre, y el de Estados Unidos el 15 de octubre.<\/p>\n","protected":false},"excerpt":{"rendered":"<p>\ud83d\udd38A falta de confirmaci\u00f3n, la FMF estar\u00eda considerando el Estadio Cuauht\u00e9moc para un segundo duelo del Tricolor en octubre. PUEBLA | Tras el anuncio del amistoso entre M\u00e9xico y Estados Unidos en Guadalajara, la Selecci\u00f3n Mexicana se prepara para cerrar su calendario en la Fecha FIFA de octubre, y todo apunta a que habr\u00e1 un [&hellip;]<\/p>\n","protected":false},"author":1,"featured_media":23598,"comment_status":"open","ping_status":"closed","sticky":false,"template":"","format":"standard","meta":{"footnotes":""},"categories":[149],"tags":[],"class_list":["post-23596","post","type-post","status-publish","format-standard","has-post-thumbnail","hentry","category-puebla"],"_links":{"self":[{"href":"https:\/\/podernacional.com\/index.php?rest_route=\/wp\/v2\/posts\/23596","targetHints":{"allow":["GET"]}}],"collection":[{"href":"https:\/\/podernacional.com\/index.php?rest_route=\/wp\/v2\/posts"}],"about":[{"href":"https:\/\/podernacional.com\/index.php?rest_route=\/wp\/v2\/types\/post"}],"author":[{"embeddable":true,"href":"https:\/\/podernacional.com\/index.php?rest_route=\/wp\/v2\/users\/1"}],"replies":[{"embeddable":true,"href":"https:\/\/podernacional.com\/index.php?rest_route=%2Fwp%2Fv2%2Fcomments&post=23596"}],"version-history":[{"count":1,"href":"https:\/\/podernacional.com\/index.php?rest_route=\/wp\/v2\/posts\/23596\/revisions"}],"predecessor-version":[{"id":23597,"href":"https:\/\/podernacional.com\/index.php?rest_route=\/wp\/v2\/posts\/23596\/revisions\/23597"}],"wp:featuredmedia":[{"embeddable":true,"href":"https:\/\/podernacional.com\/index.php?rest_route=\/wp\/v2\/media\/23598"}],"wp:attachment":[{"href":"https:\/\/podernacional.com\/index.php?rest_route=%2Fwp%2Fv2%2Fmedia&parent=23596"}],"wp:term":[{"taxonomy":"category","embeddable":true,"href":"https:\/\/podernacional.com\/index.php?rest_route=%2Fwp%2Fv2%2Fcategories&post=23596"},{"taxonomy":"post_tag","embeddable":true,"href":"https:\/\/podernacional.com\/index.php?rest_route=%2Fwp%2Fv2%2Ftags&post=23596"}],"curies":[{"name":"wp","href":"https:\/\/api.w.org\/{rel}","templated":true}]}}