{"id":23677,"date":"2024-08-22T12:21:58","date_gmt":"2024-08-22T17:21:58","guid":{"rendered":"https:\/\/podernacional.com\/?p=23677"},"modified":"2024-08-22T17:22:20","modified_gmt":"2024-08-22T17:22:20","slug":"heriberto-aguilar-reafirma-compromiso-con-la-cuarta-transformacion","status":"publish","type":"post","link":"https:\/\/podernacional.com\/?p=23677","title":{"rendered":"Heriberto Aguilar Reafirma Compromiso con la Cuarta Transformaci\u00f3n"},"content":{"rendered":"<p>\ud83d\udd38 Estamos listos para trabajar de la mano por Sonora, destac\u00f3 el Senador electo.<\/p>\n<p>#SONORA. El senador electo, Heriberto Aguilar, sostuvo una productiva reuni\u00f3n de trabajo con la dirigencia estatal de Morena y los diputados locales electos, en la que discutieron estrategias y planearon acciones conjuntas para avanzar en los objetivos de la Cuarta Transformaci\u00f3n en el estado.<\/p>\n<p>Durante la reuni\u00f3n, Aguilar destac\u00f3 la importancia de la colaboraci\u00f3n y la unidad en el equipo para asegurar el \u00e9xito de las pol\u00edticas y programas propuestos.<\/p>\n<p>El legislador reafirm\u00f3 su compromiso de trabajar de la mano con los l\u00edderes de Morena y sus colegas diputados para fortalecer el proyecto de la Cuarta Transformaci\u00f3n en Sonora.<\/p>\n<p>\u00abEstamos listos para enfrentar los retos que se presentan y continuar impulsando los cambios necesarios para el bienestar de nuestra comunidad\u00bb, asegur\u00f3 Aguilar.<\/p>\n","protected":false},"excerpt":{"rendered":"<p>\ud83d\udd38 Estamos listos para trabajar de la mano por Sonora, destac\u00f3 el Senador electo. #SONORA. El senador electo, Heriberto Aguilar, sostuvo una productiva reuni\u00f3n de trabajo con la dirigencia estatal de Morena y los diputados locales electos, en la que discutieron estrategias y planearon acciones conjuntas para avanzar en los objetivos de la Cuarta Transformaci\u00f3n [&hellip;]<\/p>\n","protected":false},"author":1,"featured_media":23679,"comment_status":"open","ping_status":"closed","sticky":false,"template":"","format":"standard","meta":{"footnotes":""},"categories":[154],"tags":[],"class_list":["post-23677","post","type-post","status-publish","format-standard","has-post-thumbnail","hentry","category-sonora"],"_links":{"self":[{"href":"https:\/\/podernacional.com\/index.php?rest_route=\/wp\/v2\/posts\/23677","targetHints":{"allow":["GET"]}}],"collection":[{"href":"https:\/\/podernacional.com\/index.php?rest_route=\/wp\/v2\/posts"}],"about":[{"href":"https:\/\/podernacional.com\/index.php?rest_route=\/wp\/v2\/types\/post"}],"author":[{"embeddable":true,"href":"https:\/\/podernacional.com\/index.php?rest_route=\/wp\/v2\/users\/1"}],"replies":[{"embeddable":true,"href":"https:\/\/podernacional.com\/index.php?rest_route=%2Fwp%2Fv2%2Fcomments&post=23677"}],"version-history":[{"count":1,"href":"https:\/\/podernacional.com\/index.php?rest_route=\/wp\/v2\/posts\/23677\/revisions"}],"predecessor-version":[{"id":23678,"href":"https:\/\/podernacional.com\/index.php?rest_route=\/wp\/v2\/posts\/23677\/revisions\/23678"}],"wp:featuredmedia":[{"embeddable":true,"href":"https:\/\/podernacional.com\/index.php?rest_route=\/wp\/v2\/media\/23679"}],"wp:attachment":[{"href":"https:\/\/podernacional.com\/index.php?rest_route=%2Fwp%2Fv2%2Fmedia&parent=23677"}],"wp:term":[{"taxonomy":"category","embeddable":true,"href":"https:\/\/podernacional.com\/index.php?rest_route=%2Fwp%2Fv2%2Fcategories&post=23677"},{"taxonomy":"post_tag","embeddable":true,"href":"https:\/\/podernacional.com\/index.php?rest_route=%2Fwp%2Fv2%2Ftags&post=23677"}],"curies":[{"name":"wp","href":"https:\/\/api.w.org\/{rel}","templated":true}]}}