{"id":23789,"date":"2024-08-27T11:48:55","date_gmt":"2024-08-27T16:48:55","guid":{"rendered":"https:\/\/podernacional.com\/?p=23789"},"modified":"2024-08-27T16:48:56","modified_gmt":"2024-08-27T16:48:56","slug":"murio-nicola-rustichelli-creador-de-webcams-de-mexico","status":"publish","type":"post","link":"https:\/\/podernacional.com\/?p=23789","title":{"rendered":"Muri\u00f3 Nicola Rustichelli, creador de Webcams de M\u00e9xico"},"content":{"rendered":"<p>\ud83d\udd38 El italiano falleci\u00f3 a los 54 a\u00f1os tras una lucha contra la ELA. Su legado de monitoreo en tiempo real de paisajes mexicanos dej\u00f3 una huella en el turismo y la Protecci\u00f3n Civil.<\/p>\n<p>Nicola Rustichelli, fundador del servicio de video online Webcams de M\u00e9xico, muri\u00f3 a los 54 a\u00f1os a causa de esclerosis lateral amiotr\u00f3fica (ELA).<\/p>\n<p>Originario de Italia, Rustichelli lleg\u00f3 a M\u00e9xico a vivir y, tras recorrer el pa\u00eds, ide\u00f3 la instalaci\u00f3n de c\u00e1maras que pudieran registrar de manera puntual lo que ocurr\u00eda, en tiempo real, en diversas partes de M\u00e9xico.<\/p>\n<p>Su principal objetivo era que m\u00e1s personas admiraran las bellezas naturales de nuestro pa\u00eds y, con ello, atraer el turismo nacional e internacional.<\/p>\n<p>El monitoreo constante de las c\u00e1maras ha permitido conocer las condiciones meteorol\u00f3gicas en diversas partes del pa\u00eds, adem\u00e1s de facilitar labores de Protecci\u00f3n Civil de situaciones en sismos o del Volc\u00e1n Popocat\u00e9petl.<\/p>\n<p>Incluso, la labor de monitoreo, le vali\u00f3 un reconocimiento por parte del Gobierno de M\u00e9xico en cuestiones relacionadas con la prevenci\u00f3n y la Protecci\u00f3n Civil.<\/p>\n<p>Recientemente hab\u00eda abierto una causa en GoFoundMe a trav\u00e9s de la que pretend\u00eda obtener recursos para continuar con su tratamiento contra la ELA.<\/p>\n<p>A trav\u00e9s de redes sociales, usuarios del servicio de Webcams de M\u00e9xico externaron sus condolencias por la p\u00e9rdida de quien ha sido llamado el italiano m\u00e1s mexicano.<\/p>\n","protected":false},"excerpt":{"rendered":"<p>\ud83d\udd38 El italiano falleci\u00f3 a los 54 a\u00f1os tras una lucha contra la ELA. Su legado de monitoreo en tiempo real de paisajes mexicanos dej\u00f3 una huella en el turismo y la Protecci\u00f3n Civil. Nicola Rustichelli, fundador del servicio de video online Webcams de M\u00e9xico, muri\u00f3 a los 54 a\u00f1os a causa de esclerosis lateral [&hellip;]<\/p>\n","protected":false},"author":1,"featured_media":23791,"comment_status":"open","ping_status":"closed","sticky":false,"template":"","format":"standard","meta":{"footnotes":""},"categories":[7],"tags":[],"class_list":["post-23789","post","type-post","status-publish","format-standard","has-post-thumbnail","hentry","category-nacional"],"_links":{"self":[{"href":"https:\/\/podernacional.com\/index.php?rest_route=\/wp\/v2\/posts\/23789","targetHints":{"allow":["GET"]}}],"collection":[{"href":"https:\/\/podernacional.com\/index.php?rest_route=\/wp\/v2\/posts"}],"about":[{"href":"https:\/\/podernacional.com\/index.php?rest_route=\/wp\/v2\/types\/post"}],"author":[{"embeddable":true,"href":"https:\/\/podernacional.com\/index.php?rest_route=\/wp\/v2\/users\/1"}],"replies":[{"embeddable":true,"href":"https:\/\/podernacional.com\/index.php?rest_route=%2Fwp%2Fv2%2Fcomments&post=23789"}],"version-history":[{"count":1,"href":"https:\/\/podernacional.com\/index.php?rest_route=\/wp\/v2\/posts\/23789\/revisions"}],"predecessor-version":[{"id":23790,"href":"https:\/\/podernacional.com\/index.php?rest_route=\/wp\/v2\/posts\/23789\/revisions\/23790"}],"wp:featuredmedia":[{"embeddable":true,"href":"https:\/\/podernacional.com\/index.php?rest_route=\/wp\/v2\/media\/23791"}],"wp:attachment":[{"href":"https:\/\/podernacional.com\/index.php?rest_route=%2Fwp%2Fv2%2Fmedia&parent=23789"}],"wp:term":[{"taxonomy":"category","embeddable":true,"href":"https:\/\/podernacional.com\/index.php?rest_route=%2Fwp%2Fv2%2Fcategories&post=23789"},{"taxonomy":"post_tag","embeddable":true,"href":"https:\/\/podernacional.com\/index.php?rest_route=%2Fwp%2Fv2%2Ftags&post=23789"}],"curies":[{"name":"wp","href":"https:\/\/api.w.org\/{rel}","templated":true}]}}