{"id":2379,"date":"2021-02-20T02:03:30","date_gmt":"2021-02-20T02:03:30","guid":{"rendered":"https:\/\/whatsappcancun.com\/?p=2379"},"modified":"2021-02-20T02:03:30","modified_gmt":"2021-02-20T02:03:30","slug":"inaugura-amlo-instalaciones-militares-en-santa-lucia","status":"publish","type":"post","link":"https:\/\/podernacional.com\/?p=2379","title":{"rendered":"Inaugura AMLO instalaciones militares en Santa Luc\u00eda"},"content":{"rendered":"<p><strong>El presidente Andr\u00e9s Manuel L\u00f3pez Obrador visit\u00f3 la Base A\u00e9rea Militar No. 1 en Santa Luc\u00eda para inaugurar nuevas instalaciones.<\/strong><\/p>\n<p>Por lo que en el marco del D\u00eda del<strong>\u00a0Ej\u00e9rcito Mexicano, el presidente visit\u00f3 la base para inaugurar otra parte de las instalaciones militares construidas en la Zona.<\/strong><\/p>\n<p>Fue el pasado 10 de febrero cuando\u00a0 se estrenaron dos pistas:<\/p>\n<p>La primera fue de las Fuerzas Armadas y la segunda Civil. Ambas\u00a0 lforman parte de la nueva terminal a\u00e9rea.<\/p>\n<figure class=\"wp-block-embed is-type-rich is-provider-twitter wp-block-embed-twitter\">\n<div class=\"wp-block-embed__wrapper\">\n<div class=\"twitter-tweet twitter-tweet-rendered\"><iframe id=\"twitter-widget-0\" class=\"\" title=\"Twitter Tweet\" src=\"https:\/\/platform.twitter.com\/embed\/Tweet.html?creatorScreenName=ElQuintanaRooMx&amp;dnt=true&amp;embedId=twitter-widget-0&amp;frame=false&amp;hideCard=false&amp;hideThread=false&amp;id=1362811375467126784&amp;lang=es&amp;origin=https%3A%2F%2Fwww.elquintanaroo.mx%2Finaugura-amlo-instalaciones-militares-en-santa-lucia%2F&amp;siteScreenName=ElQuintanaRooMx&amp;theme=light&amp;widgetsVersion=889aa01%3A1612811843556&amp;width=550px\" frameborder=\"0\" scrolling=\"no\" allowfullscreen=\"allowfullscreen\" data-tweet-id=\"1362811375467126784\" data-mce-fragment=\"1\"><\/iframe><\/div>\n<\/div>\n<\/figure>\n<p>Luego de casi un a\u00f1o de haber iniciado las obras, se concluy\u00f3\u00a0<strong>e inaugur\u00f3 la comandancia de la trig\u00e9sima zona militar; cuatro cuarteles y el hospital militar de la zona.<\/strong><\/p>\n<p>Esta instalaci\u00f3n cuenta con 19,810 metros cuadrados, que se distribuyen en 13 consultorios m\u00e9dicos familiares, dos odontol\u00f3gicos y para atenci\u00f3n psicol\u00f3gica y de nutrici\u00f3n. Adem\u00e1s,\u00a0<strong>tiene un \u00e1rea de hospitalizaci\u00f3n con capacidad para 89 camas<\/strong>.<\/p>\n","protected":false},"excerpt":{"rendered":"<p>El presidente Andr\u00e9s Manuel L\u00f3pez Obrador visit\u00f3 la Base A\u00e9rea Militar No. 1 en Santa Luc\u00eda para inaugurar nuevas instalaciones. Por lo que en el marco del D\u00eda del\u00a0Ej\u00e9rcito Mexicano, el presidente visit\u00f3 la base para inaugurar otra parte de las instalaciones militares construidas en la Zona. Fue el pasado 10 de febrero cuando\u00a0 se [&hellip;]<\/p>\n","protected":false},"author":1,"featured_media":2380,"comment_status":"open","ping_status":"open","sticky":false,"template":"","format":"standard","meta":{"footnotes":""},"categories":[9],"tags":[],"class_list":["post-2379","post","type-post","status-publish","format-standard","has-post-thumbnail","hentry","category-politica"],"_links":{"self":[{"href":"https:\/\/podernacional.com\/index.php?rest_route=\/wp\/v2\/posts\/2379","targetHints":{"allow":["GET"]}}],"collection":[{"href":"https:\/\/podernacional.com\/index.php?rest_route=\/wp\/v2\/posts"}],"about":[{"href":"https:\/\/podernacional.com\/index.php?rest_route=\/wp\/v2\/types\/post"}],"author":[{"embeddable":true,"href":"https:\/\/podernacional.com\/index.php?rest_route=\/wp\/v2\/users\/1"}],"replies":[{"embeddable":true,"href":"https:\/\/podernacional.com\/index.php?rest_route=%2Fwp%2Fv2%2Fcomments&post=2379"}],"version-history":[{"count":0,"href":"https:\/\/podernacional.com\/index.php?rest_route=\/wp\/v2\/posts\/2379\/revisions"}],"wp:featuredmedia":[{"embeddable":true,"href":"https:\/\/podernacional.com\/index.php?rest_route=\/wp\/v2\/media\/2380"}],"wp:attachment":[{"href":"https:\/\/podernacional.com\/index.php?rest_route=%2Fwp%2Fv2%2Fmedia&parent=2379"}],"wp:term":[{"taxonomy":"category","embeddable":true,"href":"https:\/\/podernacional.com\/index.php?rest_route=%2Fwp%2Fv2%2Fcategories&post=2379"},{"taxonomy":"post_tag","embeddable":true,"href":"https:\/\/podernacional.com\/index.php?rest_route=%2Fwp%2Fv2%2Ftags&post=2379"}],"curies":[{"name":"wp","href":"https:\/\/api.w.org\/{rel}","templated":true}]}}