{"id":23795,"date":"2024-08-27T12:08:03","date_gmt":"2024-08-27T17:08:03","guid":{"rendered":"https:\/\/podernacional.com\/?p=23795"},"modified":"2024-08-27T17:08:05","modified_gmt":"2024-08-27T17:08:05","slug":"lista-de-todos-los-mexicanos-en-los-juegos-paralimpicos-de-paris-2024","status":"publish","type":"post","link":"https:\/\/podernacional.com\/?p=23795","title":{"rendered":"Lista de todos los mexicanos en los Juegos Paral\u00edmpicos de Par\u00eds 2024"},"content":{"rendered":"<p>\ud83d\udd38 La justa inicia ma\u00f1ana y 67 mexicanos compiten en 7 disciplinas en busca de una medalla.<\/p>\n<p>#PAR\u00cdS\ud83c\uddeb\ud83c\uddf7 Se acabaron los Ol\u00edmpicos, pero la actividad sigue en Par\u00eds 2024, donde 67 atletas representan a M\u00e9xico en los Juegos Paral\u00edmpicos.<\/p>\n<p>La actividad de los Juegos Paral\u00edmpicos inicia el pr\u00f3ximo 28 de agosto y se extender\u00e1 hasta el domingo 8 de septiembre de 2024 y tendr\u00e1 11 d\u00edas de actividades.<\/p>\n<p>El presidente del Comit\u00e9 Paral\u00edmpico Internacional, el brasile\u00f1o Andrew Parsons, mencion\u00f3 que una parte del \u00e9xito de los Juegos ha sido la movilizaci\u00f3n popular y la gran afluencia de p\u00fablico en todas las sedes deportiva.<\/p>\n<p>M\u00e9xico participa en 6 disciplinas distintas, entre las que se encuentran: para atletismo, nataci\u00f3n, taekwondo, remo, tenis de mesa, tiro con arco, triatl\u00f3n, powerlifting, ecuestre, boccia y ciclismo.<\/p>\n<p>Ellos son los 67 mexicanos que viajar\u00e1n a Par\u00eds 2024 para disputar las distintas competencias, entre los que se encuentra el actor Juan Pablo Medina.<\/p>\n<p>Los dos abanderados de M\u00e9xico son Salvador Hern\u00e1ndez de para atletismo y Fabiola Ram\u00edrez de para nataci\u00f3n.<\/p>\n<p>Para atletismo<br \/>\nGilda Guadalupe Cota<br \/>\nRosa Mar\u00eda Guerrero<br \/>\nGloria Zarza Guadarrama<br \/>\nOsiris Machado Plata<br \/>\nMar\u00edas de los \u00c1ngeles Ortiz<br \/>\nFloralia Estrada Bernal<br \/>\nPauleth Mej\u00eda<br \/>\nKenia Lozano M\u00e9ndez<br \/>\nCarolina Castro Castro<br \/>\nLeiticia Ochoa Delgado<br \/>\nDaniela Eugenia Velasco<br \/>\nM\u00f3nica Rodr\u00edguez Saavedra<br \/>\nYessica de la Luz Jim\u00e9nez Peralta<br \/>\nMar\u00eda Estela Salas Mar\u00edn<br \/>\nSalvador Hern\u00e1ndez Mondrag\u00f3n<br \/>\nLeonardo de Jes\u00fas P\u00e9rez<br \/>\nJos\u00e9 Rom\u00e1n Ruiz<br \/>\nMario Santano Ramos<br \/>\nEdgar Ces\u00e1reo Navarro<br \/>\nEdgar Fuentes<br \/>\nLuis L\u00f3pez Valenzuela<br \/>\nJuan Pablo Cervantes<br \/>\nEliezer Gabriel Buenaventura<br \/>\nJos\u00e9 Rodolfo Chessani<br \/>\nPara nataci\u00f3n<br \/>\nFabiola Ram\u00edrez Mart\u00ednez<br \/>\nPatricia Valle Ben\u00edtez<br \/>\nNely Edith Miranda Herrera<br \/>\nHaidee Viviana Aceves P\u00e9rez<br \/>\nNaomi Alejandra Ortiz M\u00e9ndez<br \/>\nNaomi Somellera Mandujano<br \/>\nPaola Lizette Ruvalcaba N\u00fa\u00f1ez<br \/>\nMatilde Estefan\u00eda Alc\u00e1zar Figueroa<br \/>\nCitli Siloe Salinas Rojas<br \/>\nKarina Amayrani Hern\u00e1ndez Torres<br \/>\nNatalia Nicole Gonz\u00e1lez Guemez<br \/>\nJos\u00e9 Arnulfo Castorena V\u00e9lez<br \/>\n\u00c1ngel de Jes\u00fas Camacho Ram\u00edrez<br \/>\nDiego L\u00f3pez D\u00edaz<br \/>\nCristopher Gregorio Tronco S\u00e1nchez<br \/>\nPedro Rangel Haro<br \/>\nJes\u00fas Alberto Guti\u00e9rrez Berm\u00fadez<br \/>\nMarcos Rafael Z\u00e1rate Rodr\u00edguez<br \/>\nGustavo Ram\u00f3n S\u00e1nchez Mart\u00ednez<br \/>\nJes\u00fas Rey L\u00f3pez Cervantes<br \/>\nJuan Jos\u00e9 Guti\u00e9rrez Berm\u00fadez<br \/>\nJes\u00fas Hern\u00e1ndez Hern\u00e1ndez<br \/>\nRa\u00fal Guti\u00e9rrez Berm\u00fadez<br \/>\nPara taekwondo<br \/>\nClaudia Romero Rodr\u00edguez<br \/>\nJessica Berenice Garc\u00eda Quijano<br \/>\nFernanda Vargas Fern\u00e1ndez<br \/>\nJuan Diego Garc\u00eda L\u00f3pez<br \/>\nLuis Mario N\u00e1jera Vleeschower<br \/>\nPara remo<br \/>\n\u00c1ngeles Britaniqu\u00edsimos Guti\u00e9rrez<br \/>\nMiguel \u00c1ngel Nieto<br \/>\nPara tenis de mesa<br \/>\nClaudia P\u00e9rez Villalba<br \/>\nMartha Alicia Verd\u00edn<br \/>\nPara tiro con arco<br \/>\nSamuel Molina<br \/>\nV\u00edctor Sardina<br \/>\nPara powerlifting<br \/>\nAmalia P\u00e9rez<br \/>\nJos\u00e9 de Jes\u00fas Castillo<br \/>\nPerla Patricia B\u00e1rcenas<br \/>\nPara triatl\u00f3n<br \/>\nBrenda Osnaya \u00c1lvarez<br \/>\nKenia Villalobos Vargas<br \/>\nPara ecuestre<br \/>\nIgnacio Trevi\u00f1o Fuerte<br \/>\nPara boccia<br \/>\nEduardo S\u00e1nchez Reyes<br \/>\nPara ciclismo<br \/>\nDulce Mar\u00eda Gonz\u00e1lez Guerrero<\/p>\n<p>\u00bfCu\u00e1ndo es la ceremonia de apertura de los Juegos Paral\u00edmpicos de Par\u00eds 2024?<br \/>\nLa ceremonia de apertura ser\u00e1 en la Plaza de la Concordia, la cual fue creada por el director art\u00edstico franc\u00e9s, Thomas Jolly en el centro de la ciudad y se celebra el pr\u00f3ximo 28 de agosto a las 14:00 horas (tiempo del centro de M\u00e9xico).<\/p>\n<p>El sueco Alexander Ekman fue elegido como el core\u00f3grafo para un actor que tendr\u00e1 a 150 bailarines. Los campos tendr\u00e1n el desfile de 180 delegaciones.<\/p>\n","protected":false},"excerpt":{"rendered":"<p>\ud83d\udd38 La justa inicia ma\u00f1ana y 67 mexicanos compiten en 7 disciplinas en busca de una medalla. #PAR\u00cdS\ud83c\uddeb\ud83c\uddf7 Se acabaron los Ol\u00edmpicos, pero la actividad sigue en Par\u00eds 2024, donde 67 atletas representan a M\u00e9xico en los Juegos Paral\u00edmpicos. La actividad de los Juegos Paral\u00edmpicos inicia el pr\u00f3ximo 28 de agosto y se extender\u00e1 hasta [&hellip;]<\/p>\n","protected":false},"author":1,"featured_media":23797,"comment_status":"open","ping_status":"closed","sticky":false,"template":"","format":"standard","meta":{"footnotes":""},"categories":[138],"tags":[],"class_list":["post-23795","post","type-post","status-publish","format-standard","has-post-thumbnail","hentry","category-paris-2024"],"_links":{"self":[{"href":"https:\/\/podernacional.com\/index.php?rest_route=\/wp\/v2\/posts\/23795","targetHints":{"allow":["GET"]}}],"collection":[{"href":"https:\/\/podernacional.com\/index.php?rest_route=\/wp\/v2\/posts"}],"about":[{"href":"https:\/\/podernacional.com\/index.php?rest_route=\/wp\/v2\/types\/post"}],"author":[{"embeddable":true,"href":"https:\/\/podernacional.com\/index.php?rest_route=\/wp\/v2\/users\/1"}],"replies":[{"embeddable":true,"href":"https:\/\/podernacional.com\/index.php?rest_route=%2Fwp%2Fv2%2Fcomments&post=23795"}],"version-history":[{"count":1,"href":"https:\/\/podernacional.com\/index.php?rest_route=\/wp\/v2\/posts\/23795\/revisions"}],"predecessor-version":[{"id":23796,"href":"https:\/\/podernacional.com\/index.php?rest_route=\/wp\/v2\/posts\/23795\/revisions\/23796"}],"wp:featuredmedia":[{"embeddable":true,"href":"https:\/\/podernacional.com\/index.php?rest_route=\/wp\/v2\/media\/23797"}],"wp:attachment":[{"href":"https:\/\/podernacional.com\/index.php?rest_route=%2Fwp%2Fv2%2Fmedia&parent=23795"}],"wp:term":[{"taxonomy":"category","embeddable":true,"href":"https:\/\/podernacional.com\/index.php?rest_route=%2Fwp%2Fv2%2Fcategories&post=23795"},{"taxonomy":"post_tag","embeddable":true,"href":"https:\/\/podernacional.com\/index.php?rest_route=%2Fwp%2Fv2%2Ftags&post=23795"}],"curies":[{"name":"wp","href":"https:\/\/api.w.org\/{rel}","templated":true}]}}