{"id":23896,"date":"2024-09-03T13:01:45","date_gmt":"2024-09-03T18:01:45","guid":{"rendered":"https:\/\/podernacional.com\/?p=23896"},"modified":"2024-09-03T18:01:47","modified_gmt":"2024-09-03T18:01:47","slug":"alma-rosa-de-la-vega-pese-a-bloqueos-en-el-recinto-legislativo-reafirma-su-compromiso-con-la-transformacion","status":"publish","type":"post","link":"https:\/\/podernacional.com\/?p=23896","title":{"rendered":"Alma Rosa de la Vega, pese a bloqueos en el recinto legislativo, reafirma su compromiso con la transformaci\u00f3n"},"content":{"rendered":"<p>\ud83d\udd38 La legisladora afirm\u00f3 que a pesar de las dificultades, su movimiento mantiene un enfoque pac\u00edfico y respeta el derecho de los ciudadanos a manifestarse<\/p>\n<p>#GUANAJUATO | Alma Rosa de la Vega, Diputada Federal por Guanajuato, se encontr\u00f3 con obst\u00e1culos hoy cuando se le impidi\u00f3 el acceso al recinto legislativo debido a protestas de diversos grupos. Estos manifestantes intentaron interrumpir el desarrollo de las actividades legislativas, desafiando la voluntad de la mayor\u00eda que respalda su movimiento y su visi\u00f3n para continuar con la transformaci\u00f3n del pa\u00eds.<\/p>\n<p>De la Vega afirm\u00f3 que, a pesar de las dificultades, su movimiento mantiene un enfoque pac\u00edfico y respeta el derecho de los ciudadanos a manifestarse. No obstante, subray\u00f3 que la voluntad democr\u00e1tica es contundente: el pueblo ha expresado su deseo de que esta transformaci\u00f3n tambi\u00e9n abarque al Poder Judicial, y su compromiso es cumplir con ese mandato.<\/p>\n<p>En su mensaje, la diputada destac\u00f3 que la cuarta transformaci\u00f3n est\u00e1 avanzando con firmeza y determinaci\u00f3n. \u00abEstamos construyendo el segundo piso de esta transformaci\u00f3n y continuaremos trabajando para hacer realidad los cambios que la ciudadan\u00eda ha pedido\u00bb, asegur\u00f3.<\/p>\n<p>A pesar de los desaf\u00edos, Alma Rosa de la Vega reafirma su compromiso con la historia y el progreso continuo del pa\u00eds.<\/p>\n","protected":false},"excerpt":{"rendered":"<p>\ud83d\udd38 La legisladora afirm\u00f3 que a pesar de las dificultades, su movimiento mantiene un enfoque pac\u00edfico y respeta el derecho de los ciudadanos a manifestarse #GUANAJUATO | Alma Rosa de la Vega, Diputada Federal por Guanajuato, se encontr\u00f3 con obst\u00e1culos hoy cuando se le impidi\u00f3 el acceso al recinto legislativo debido a protestas de diversos [&hellip;]<\/p>\n","protected":false},"author":1,"featured_media":23898,"comment_status":"open","ping_status":"closed","sticky":false,"template":"","format":"standard","meta":{"footnotes":""},"categories":[147],"tags":[],"class_list":["post-23896","post","type-post","status-publish","format-standard","has-post-thumbnail","hentry","category-guanajuato"],"_links":{"self":[{"href":"https:\/\/podernacional.com\/index.php?rest_route=\/wp\/v2\/posts\/23896","targetHints":{"allow":["GET"]}}],"collection":[{"href":"https:\/\/podernacional.com\/index.php?rest_route=\/wp\/v2\/posts"}],"about":[{"href":"https:\/\/podernacional.com\/index.php?rest_route=\/wp\/v2\/types\/post"}],"author":[{"embeddable":true,"href":"https:\/\/podernacional.com\/index.php?rest_route=\/wp\/v2\/users\/1"}],"replies":[{"embeddable":true,"href":"https:\/\/podernacional.com\/index.php?rest_route=%2Fwp%2Fv2%2Fcomments&post=23896"}],"version-history":[{"count":1,"href":"https:\/\/podernacional.com\/index.php?rest_route=\/wp\/v2\/posts\/23896\/revisions"}],"predecessor-version":[{"id":23897,"href":"https:\/\/podernacional.com\/index.php?rest_route=\/wp\/v2\/posts\/23896\/revisions\/23897"}],"wp:featuredmedia":[{"embeddable":true,"href":"https:\/\/podernacional.com\/index.php?rest_route=\/wp\/v2\/media\/23898"}],"wp:attachment":[{"href":"https:\/\/podernacional.com\/index.php?rest_route=%2Fwp%2Fv2%2Fmedia&parent=23896"}],"wp:term":[{"taxonomy":"category","embeddable":true,"href":"https:\/\/podernacional.com\/index.php?rest_route=%2Fwp%2Fv2%2Fcategories&post=23896"},{"taxonomy":"post_tag","embeddable":true,"href":"https:\/\/podernacional.com\/index.php?rest_route=%2Fwp%2Fv2%2Ftags&post=23896"}],"curies":[{"name":"wp","href":"https:\/\/api.w.org\/{rel}","templated":true}]}}