{"id":23920,"date":"2024-09-04T12:07:55","date_gmt":"2024-09-04T17:07:55","guid":{"rendered":"https:\/\/podernacional.com\/?p=23920"},"modified":"2024-09-04T17:07:57","modified_gmt":"2024-09-04T17:07:57","slug":"venta-de-autos-nuevos-en-mexico-anota-su-mejor-agosto-en-8-anos","status":"publish","type":"post","link":"https:\/\/podernacional.com\/?p=23920","title":{"rendered":"Venta de autos nuevos en M\u00e9xico anota su mejor agosto en 8 a\u00f1os"},"content":{"rendered":"<p>\ud83d\udd38 Durante el octavo mes del 2024 se comercializaron 127,684 autos nuevos en el mercado mexicano.<\/p>\n<p>#NACIONAL. Durante agosto del 2024 la industria automotriz en M\u00e9xico logr\u00f3 comercializar 127,684 autos nuevos en el mercado interno; lo que implic\u00f3 su mejor marca para un agosto en ocho a\u00f1os (desde 2016).<\/p>\n<p>Este nivel de ventas implic\u00f3 un crecimiento de 11.9% en comparaci\u00f3n interanual, de acuerdo con cifras del Registro Administrativo de la Industria Automotriz de Veh\u00edculos Ligeros del Inegi.<\/p>\n<p>Por su parte, en la comparaci\u00f3n inmediata se observ\u00f3 un avance de 2.1% respecto del nivel de ventas del mes previo. Esto muestra una suma de cuatro meses al hilo con ventas que superan las 120,000 unidaes mensuales.<\/p>\n<p>En el acumulado de enero-agosto del 2024, se observa que las automotrices han logrado comercializar 962,870 veh\u00edculos ligeros nuevos en sus agencias o a trav\u00e9s de sus plataformas digitales.<\/p>\n<p>Este nivel de ventas de autos ya supera el que se registraba el a\u00f1o pasado en el mismo periodo; en lo que va del 2024 se han comercializado poco m\u00e1s de 100,000 unidades m\u00e1s en comparaci\u00f3n con 2023.<\/p>\n<p>En el desglose por marcas, se observa que se mantienen sin cambios los niveles de penetraci\u00f3n de mercado. La japonesa Nissan es l\u00edder en ventas de autos en M\u00e9xico concentrando el 17% del total de las ventas durante agosto.<\/p>\n<p>La estadounidense General Motors y la alemana Volkswagen conservaron el segundo y tercer puesto con el 14 y 9% de las ventas totales respectivamente.<\/p>\n","protected":false},"excerpt":{"rendered":"<p>\ud83d\udd38 Durante el octavo mes del 2024 se comercializaron 127,684 autos nuevos en el mercado mexicano. #NACIONAL. Durante agosto del 2024 la industria automotriz en M\u00e9xico logr\u00f3 comercializar 127,684 autos nuevos en el mercado interno; lo que implic\u00f3 su mejor marca para un agosto en ocho a\u00f1os (desde 2016). Este nivel de ventas implic\u00f3 un [&hellip;]<\/p>\n","protected":false},"author":1,"featured_media":23922,"comment_status":"open","ping_status":"closed","sticky":false,"template":"","format":"standard","meta":{"footnotes":""},"categories":[7],"tags":[],"class_list":["post-23920","post","type-post","status-publish","format-standard","has-post-thumbnail","hentry","category-nacional"],"_links":{"self":[{"href":"https:\/\/podernacional.com\/index.php?rest_route=\/wp\/v2\/posts\/23920","targetHints":{"allow":["GET"]}}],"collection":[{"href":"https:\/\/podernacional.com\/index.php?rest_route=\/wp\/v2\/posts"}],"about":[{"href":"https:\/\/podernacional.com\/index.php?rest_route=\/wp\/v2\/types\/post"}],"author":[{"embeddable":true,"href":"https:\/\/podernacional.com\/index.php?rest_route=\/wp\/v2\/users\/1"}],"replies":[{"embeddable":true,"href":"https:\/\/podernacional.com\/index.php?rest_route=%2Fwp%2Fv2%2Fcomments&post=23920"}],"version-history":[{"count":1,"href":"https:\/\/podernacional.com\/index.php?rest_route=\/wp\/v2\/posts\/23920\/revisions"}],"predecessor-version":[{"id":23921,"href":"https:\/\/podernacional.com\/index.php?rest_route=\/wp\/v2\/posts\/23920\/revisions\/23921"}],"wp:featuredmedia":[{"embeddable":true,"href":"https:\/\/podernacional.com\/index.php?rest_route=\/wp\/v2\/media\/23922"}],"wp:attachment":[{"href":"https:\/\/podernacional.com\/index.php?rest_route=%2Fwp%2Fv2%2Fmedia&parent=23920"}],"wp:term":[{"taxonomy":"category","embeddable":true,"href":"https:\/\/podernacional.com\/index.php?rest_route=%2Fwp%2Fv2%2Fcategories&post=23920"},{"taxonomy":"post_tag","embeddable":true,"href":"https:\/\/podernacional.com\/index.php?rest_route=%2Fwp%2Fv2%2Ftags&post=23920"}],"curies":[{"name":"wp","href":"https:\/\/api.w.org\/{rel}","templated":true}]}}