{"id":24039,"date":"2024-09-09T13:18:52","date_gmt":"2024-09-09T18:18:52","guid":{"rendered":"https:\/\/podernacional.com\/?p=24039"},"modified":"2024-09-13T18:20:24","modified_gmt":"2024-09-13T18:20:24","slug":"senadores-titulares-y-suplentes-de-pri-listos-para-votar-en-contra-de-la-reforma-al-poder-judicial","status":"publish","type":"post","link":"https:\/\/podernacional.com\/?p=24039","title":{"rendered":"Senadores titulares y suplentes de PRI, listos para votar en contra de la reforma al Poder Judicial"},"content":{"rendered":"<p>\ud83d\udd38 Alejandro Moreno confirm\u00f3 que el Tricolor est\u00e1 listo para frenar la modificaci\u00f3n del sistema judicial; Miguel Riquelme, pese a problemas card\u00edacos, tambi\u00e9n se compromete a estar presente en la sesi\u00f3n.<\/p>\n<p>#NACIONAL. El presidente del Partido Revolucionario Institucional (PRI), Alejandro Moreno, asegur\u00f3 que los legisladores titulares y suplentes se encuentran en la sede del Senado de la Rep\u00fablica y reiter\u00f3 que votar\u00e1n en contra de la reforma al Poder Judicial del presidente Andr\u00e9s Manuel L\u00f3pez Obrador.<\/p>\n<p>Destac\u00f3 que ante cualquier imprevisto de los senadores se tramitar\u00e1 su licencia para que inmediatamente el suplente pueda votar en la discusi\u00f3n prevista para el mi\u00e9rcoles.<\/p>\n<p>El senador por Coahuila, Miguel Riquelme, quien se encontraba hospitalizado por problemas cardiacos, se\u00f1al\u00f3 que no tiene restricciones m\u00e9dicas y reiter\u00f3 que asistir\u00e1 a la sesi\u00f3n del pleno del Senado este mi\u00e9rcoles.<\/p>\n<p>Reiter\u00f3 que, en caso de ser necesario, su suplente est\u00e1 listo para tomar el esca\u00f1o y votar en contra del dictamen al Poder Judicial.<\/p>\n","protected":false},"excerpt":{"rendered":"<p>\ud83d\udd38 Alejandro Moreno confirm\u00f3 que el Tricolor est\u00e1 listo para frenar la modificaci\u00f3n del sistema judicial; Miguel Riquelme, pese a problemas card\u00edacos, tambi\u00e9n se compromete a estar presente en la sesi\u00f3n. #NACIONAL. El presidente del Partido Revolucionario Institucional (PRI), Alejandro Moreno, asegur\u00f3 que los legisladores titulares y suplentes se encuentran en la sede del Senado [&hellip;]<\/p>\n","protected":false},"author":1,"featured_media":24041,"comment_status":"open","ping_status":"closed","sticky":false,"template":"","format":"standard","meta":{"footnotes":""},"categories":[7],"tags":[],"class_list":["post-24039","post","type-post","status-publish","format-standard","has-post-thumbnail","hentry","category-nacional"],"_links":{"self":[{"href":"https:\/\/podernacional.com\/index.php?rest_route=\/wp\/v2\/posts\/24039","targetHints":{"allow":["GET"]}}],"collection":[{"href":"https:\/\/podernacional.com\/index.php?rest_route=\/wp\/v2\/posts"}],"about":[{"href":"https:\/\/podernacional.com\/index.php?rest_route=\/wp\/v2\/types\/post"}],"author":[{"embeddable":true,"href":"https:\/\/podernacional.com\/index.php?rest_route=\/wp\/v2\/users\/1"}],"replies":[{"embeddable":true,"href":"https:\/\/podernacional.com\/index.php?rest_route=%2Fwp%2Fv2%2Fcomments&post=24039"}],"version-history":[{"count":1,"href":"https:\/\/podernacional.com\/index.php?rest_route=\/wp\/v2\/posts\/24039\/revisions"}],"predecessor-version":[{"id":24040,"href":"https:\/\/podernacional.com\/index.php?rest_route=\/wp\/v2\/posts\/24039\/revisions\/24040"}],"wp:featuredmedia":[{"embeddable":true,"href":"https:\/\/podernacional.com\/index.php?rest_route=\/wp\/v2\/media\/24041"}],"wp:attachment":[{"href":"https:\/\/podernacional.com\/index.php?rest_route=%2Fwp%2Fv2%2Fmedia&parent=24039"}],"wp:term":[{"taxonomy":"category","embeddable":true,"href":"https:\/\/podernacional.com\/index.php?rest_route=%2Fwp%2Fv2%2Fcategories&post=24039"},{"taxonomy":"post_tag","embeddable":true,"href":"https:\/\/podernacional.com\/index.php?rest_route=%2Fwp%2Fv2%2Ftags&post=24039"}],"curies":[{"name":"wp","href":"https:\/\/api.w.org\/{rel}","templated":true}]}}