{"id":2406,"date":"2021-02-21T04:55:44","date_gmt":"2021-02-21T04:55:44","guid":{"rendered":"https:\/\/whatsappcancun.com\/?p=2406"},"modified":"2021-02-21T04:55:44","modified_gmt":"2021-02-21T04:55:44","slug":"canelo-alvarez-presume-su-lujoso-auto-ferrari-de-4-millones-de-usd-en-redes-sociales","status":"publish","type":"post","link":"https:\/\/podernacional.com\/?p=2406","title":{"rendered":"\u2018Canelo\u2019 \u00c1lvarez presume su lujoso auto Ferrari de 4 millones de USD en redes sociales"},"content":{"rendered":"<p>El boxeador mexicano,\u00a0<strong>Sa\u00fal \u2018Canelo\u2019 \u00c1lvarez,<\/strong>\u00a0presumi\u00f3 en sus redes sociales su nueva adquisici\u00f3n para su garaje de autos de lujo, un\u00a0<strong>Ferrari LaFerrari.<\/strong><\/p>\n<div id=\"horas-55c9461533a8fb7545a7a34cf242a24b\" class=\"horas-55c9461533a8fb7545a7a34cf242a24b horas-content_2\"><\/div>\n<p>Fue a trav\u00e9s de su Instagram que el boxeador presumi\u00f3 su nuevo autom\u00f3vil con una foto de \u00e9l sentado en el capote del veh\u00edculo<\/p>\n<p>El Ferrari del oriundo de Guadalajara es de color rojo y tiene un precio aproximado de\u00a0<strong>cuatro millones de d\u00f3lares.<\/strong><\/p>\n<p>Seg\u00fan el propio \u2018Canelo\u2019, un amigo le consigui\u00f3 el F150, como tambi\u00e9n se le conoce al autom\u00f3vil, y le agradeci\u00f3 el tan amable gesto. \u201cGracias @neto_24_ por conseguirme este beb\u00e9\u201d, escribi\u00f3.<\/p>\n<p>Por otro lado,\u00a0<strong>Sa\u00fal \u00c1lvarez<\/strong>\u00a0regresar\u00e1 a pelear en el ring a finales de febrero en donde enfrentar\u00e1 al turco\u00a0<strong>Avni Yildrim<\/strong>, para defender los campeonatos de peso supermediano del Consejo Mundial de Boxeo y la Asociaci\u00f3n Mundial de Boxeo.<\/p>\n<p><iframe id=\"instagram-embed-0\" class=\"instagram-media instagram-media-rendered\" src=\"https:\/\/www.instagram.com\/p\/CLdMp-THuLY\/embed\/captioned\/?cr=1&amp;v=13&amp;wp=540&amp;rd=https%3A%2F%2Fwww.24horasqroo.mx&amp;rp=%2Fdeportes%2Fcanelo-alvarez-presume-su-lujoso-auto-ferrari-de-4-millones-de-usd-en-redes-sociales%2F#%7B%22ci%22%3A0%2C%22os%22%3A6201.710000000276%2C%22ls%22%3A2748.059999999896%2C%22le%22%3A2775.41999999994%7D\" height=\"833\" frameborder=\"0\" scrolling=\"no\" allowfullscreen=\"allowfullscreen\" data-instgrm-payload-id=\"instagram-media-payload-0\" data-mce-fragment=\"1\"><\/iframe><\/p>\n<p>&nbsp;<\/p>\n","protected":false},"excerpt":{"rendered":"<p>El boxeador mexicano,\u00a0Sa\u00fal \u2018Canelo\u2019 \u00c1lvarez,\u00a0presumi\u00f3 en sus redes sociales su nueva adquisici\u00f3n para su garaje de autos de lujo, un\u00a0Ferrari LaFerrari. Fue a trav\u00e9s de su Instagram que el boxeador presumi\u00f3 su nuevo autom\u00f3vil con una foto de \u00e9l sentado en el capote del veh\u00edculo El Ferrari del oriundo de Guadalajara es de color rojo [&hellip;]<\/p>\n","protected":false},"author":1,"featured_media":2407,"comment_status":"open","ping_status":"open","sticky":false,"template":"","format":"standard","meta":{"footnotes":""},"categories":[3],"tags":[],"class_list":["post-2406","post","type-post","status-publish","format-standard","has-post-thumbnail","hentry","category-deportes"],"_links":{"self":[{"href":"https:\/\/podernacional.com\/index.php?rest_route=\/wp\/v2\/posts\/2406","targetHints":{"allow":["GET"]}}],"collection":[{"href":"https:\/\/podernacional.com\/index.php?rest_route=\/wp\/v2\/posts"}],"about":[{"href":"https:\/\/podernacional.com\/index.php?rest_route=\/wp\/v2\/types\/post"}],"author":[{"embeddable":true,"href":"https:\/\/podernacional.com\/index.php?rest_route=\/wp\/v2\/users\/1"}],"replies":[{"embeddable":true,"href":"https:\/\/podernacional.com\/index.php?rest_route=%2Fwp%2Fv2%2Fcomments&post=2406"}],"version-history":[{"count":0,"href":"https:\/\/podernacional.com\/index.php?rest_route=\/wp\/v2\/posts\/2406\/revisions"}],"wp:featuredmedia":[{"embeddable":true,"href":"https:\/\/podernacional.com\/index.php?rest_route=\/wp\/v2\/media\/2407"}],"wp:attachment":[{"href":"https:\/\/podernacional.com\/index.php?rest_route=%2Fwp%2Fv2%2Fmedia&parent=2406"}],"wp:term":[{"taxonomy":"category","embeddable":true,"href":"https:\/\/podernacional.com\/index.php?rest_route=%2Fwp%2Fv2%2Fcategories&post=2406"},{"taxonomy":"post_tag","embeddable":true,"href":"https:\/\/podernacional.com\/index.php?rest_route=%2Fwp%2Fv2%2Ftags&post=2406"}],"curies":[{"name":"wp","href":"https:\/\/api.w.org\/{rel}","templated":true}]}}