{"id":24084,"date":"2024-09-17T11:49:33","date_gmt":"2024-09-17T16:49:33","guid":{"rendered":"https:\/\/podernacional.com\/?p=24084"},"modified":"2024-09-17T16:49:35","modified_gmt":"2024-09-17T16:49:35","slug":"meta-refuerza-proteccion-para-adolescentes-en-redes-sociales-usuarios-deberan-acreditar-su-edad","status":"publish","type":"post","link":"https:\/\/podernacional.com\/?p=24084","title":{"rendered":"Meta refuerza protecci\u00f3n para adolescentes en redes sociales; usuarios deber\u00e1n acreditar su edad"},"content":{"rendered":"<p>\ud83d\udd38 \u00abEs una actualizaci\u00f3n importante, destinada a dar tranquilidad a los padres\u00bb, declar\u00f3 la vicepresidenta de grupo<\/p>\n<p>#TECNOLOG\u00cdA. El grupo Meta anunci\u00f3 la creaci\u00f3n de \u00abCuentas adolescentes\u00bb, destinadas a proteger mejor a los usuarios menores de edad de los peligros asociados a Instagram, una aplicaci\u00f3n acusada por numerosas asociaciones y autoridades de afectar la salud mental de los j\u00f3venes.<\/p>\n<p>\u00abEs una actualizaci\u00f3n importante, destinada a dar tranquilidad a los padres\u00bb, declar\u00f3 a la AFP Antigone Davis, vicepresidenta del grupo californiano responsable de las cuestiones de seguridad.<\/p>\n<p>En la pr\u00e1ctica, los usuarios de entre 13 y 15 a\u00f1os tendr\u00e1n ahora cuentas privadas por defecto, con garant\u00edas sobre qui\u00e9n puede contactar con ellos y qu\u00e9 contenidos pueden ver.<\/p>\n<p>Los adolescentes que deseen un perfil p\u00fablico y menos restricciones -por ejemplo, porque quieran convertirse en influencers- tendr\u00e1n que obtener el permiso de sus padres. Y esto se aplica tanto en caso de que ya est\u00e9n registrados como si son nuevos en la plataforma.<\/p>\n<p>\u00abEs un cambio fundamental (&#8230;) para asegurarnos que realmente estamos haciendo las cosas bien\u00bb, afirm\u00f3.<\/p>\n<p>Los adultos podr\u00e1n supervisar las actividades de sus hijos en la red social y actuar en consecuencia, incluso bloqueando la aplicaci\u00f3n. La empresa matriz de Facebook, Instagram, WhatsApp y Messenger tambi\u00e9n est\u00e1 endureciendo sus restricciones de edad.<\/p>\n<p>\u00abSabemos que los adolescentes pueden mentir sobre su edad, en particular para tratar de eludir estas protecciones\u00bb, se\u00f1ala Davis. A partir de ahora, si un adolescente intenta cambiar su fecha de nacimiento, \u00able pediremos que acredite su edad\u00bb.<\/p>\n<p>Desde hace un a\u00f1o, la presi\u00f3n contra el n\u00famero dos mundial en publicidad digital y sus competidores viene en aumento.<\/p>\n<p>En octubre de 2023, unos cuarenta estados de Estados Unidos presentaron una denuncia contra las plataformas de Meta acus\u00e1ndolas de da\u00f1ar \u00abla salud f\u00edsica y mental de los j\u00f3venes\u00bb, debido a los riesgos de adicci\u00f3n, ciberacoso o trastornos alimentarios.<\/p>\n<p>Actualmente, Meta se niega a controlar la edad de todos sus usuarios, en nombre del respeto a la confidencialidad.<\/p>\n<p>\u00abSi detectamos que alguien ciertamente ha mentido sobre su edad, intervenimos\u00bb, afirma Davis, \u00abpero no queremos obligar a 3.000 millones de personas a proporcionar una identificaci\u00f3n\u00bb.<\/p>\n<p>Seg\u00fan la ejecutiva, ser\u00eda m\u00e1s sencillo y eficaz si el control de la edad se realizara a nivel del sistema operativo m\u00f3vil de los smartphones, es decir, Android (Google) o iOS (Apple). \u00abTienen informaci\u00f3n importante sobre la edad de los usuarios\u00bb, argumenta, y por tanto podr\u00edan \u00abcompartirla con todas las aplicaciones utilizadas por los adolescentes\u00bb.<\/p>\n","protected":false},"excerpt":{"rendered":"<p>\ud83d\udd38 \u00abEs una actualizaci\u00f3n importante, destinada a dar tranquilidad a los padres\u00bb, declar\u00f3 la vicepresidenta de grupo #TECNOLOG\u00cdA. El grupo Meta anunci\u00f3 la creaci\u00f3n de \u00abCuentas adolescentes\u00bb, destinadas a proteger mejor a los usuarios menores de edad de los peligros asociados a Instagram, una aplicaci\u00f3n acusada por numerosas asociaciones y autoridades de afectar la salud [&hellip;]<\/p>\n","protected":false},"author":1,"featured_media":24086,"comment_status":"open","ping_status":"closed","sticky":false,"template":"","format":"standard","meta":{"footnotes":""},"categories":[13],"tags":[],"class_list":["post-24084","post","type-post","status-publish","format-standard","has-post-thumbnail","hentry","category-tecnologia"],"_links":{"self":[{"href":"https:\/\/podernacional.com\/index.php?rest_route=\/wp\/v2\/posts\/24084","targetHints":{"allow":["GET"]}}],"collection":[{"href":"https:\/\/podernacional.com\/index.php?rest_route=\/wp\/v2\/posts"}],"about":[{"href":"https:\/\/podernacional.com\/index.php?rest_route=\/wp\/v2\/types\/post"}],"author":[{"embeddable":true,"href":"https:\/\/podernacional.com\/index.php?rest_route=\/wp\/v2\/users\/1"}],"replies":[{"embeddable":true,"href":"https:\/\/podernacional.com\/index.php?rest_route=%2Fwp%2Fv2%2Fcomments&post=24084"}],"version-history":[{"count":1,"href":"https:\/\/podernacional.com\/index.php?rest_route=\/wp\/v2\/posts\/24084\/revisions"}],"predecessor-version":[{"id":24085,"href":"https:\/\/podernacional.com\/index.php?rest_route=\/wp\/v2\/posts\/24084\/revisions\/24085"}],"wp:featuredmedia":[{"embeddable":true,"href":"https:\/\/podernacional.com\/index.php?rest_route=\/wp\/v2\/media\/24086"}],"wp:attachment":[{"href":"https:\/\/podernacional.com\/index.php?rest_route=%2Fwp%2Fv2%2Fmedia&parent=24084"}],"wp:term":[{"taxonomy":"category","embeddable":true,"href":"https:\/\/podernacional.com\/index.php?rest_route=%2Fwp%2Fv2%2Fcategories&post=24084"},{"taxonomy":"post_tag","embeddable":true,"href":"https:\/\/podernacional.com\/index.php?rest_route=%2Fwp%2Fv2%2Ftags&post=24084"}],"curies":[{"name":"wp","href":"https:\/\/api.w.org\/{rel}","templated":true}]}}