{"id":24090,"date":"2024-09-17T12:30:49","date_gmt":"2024-09-17T17:30:49","guid":{"rendered":"https:\/\/podernacional.com\/?p=24090"},"modified":"2024-09-17T17:30:51","modified_gmt":"2024-09-17T17:30:51","slug":"berenice-hernandez-conmemoro-el-214-aniversario-de-la-independencia-con-un-colorido-desfile-civico-deportivo-en-tlahuac","status":"publish","type":"post","link":"https:\/\/podernacional.com\/?p=24090","title":{"rendered":"Berenice Hern\u00e1ndez conmemor\u00f3 el 214 aniversario de la Independencia con un colorido desfile c\u00edvico-deportivo en Tl\u00e1huac"},"content":{"rendered":"<p>\ud83d\udd38 El evento se llev\u00f3 a cabo en un ambiente festivo y patri\u00f3tico, con diversas actividades que incluyeron marchas, exhibiciones deportivas y presentaciones culturales<\/p>\n<p>#CDMX | En el marco de la celebraci\u00f3n del 214 aniversario del inicio de la independencia, la alcald\u00eda de Tl\u00e1huac organiz\u00f3 un vibrante Desfile C\u00edvico Deportivo que tuvo lugar en el coraz\u00f3n de la demarcaci\u00f3n. El evento reuni\u00f3 a numerosos ciudadanos y autoridades, destacando la participaci\u00f3n del diputado federal Rigoberto Salgado V\u00e1zquez.<\/p>\n<p>La alcaldesa de Tl\u00e1huac, Berenice Hern\u00e1ndez, dirigi\u00f3 un mensaje de agradecimiento a todos los involucrados en la realizaci\u00f3n del desfile. En su discurso, Hern\u00e1ndez destac\u00f3 la colaboraci\u00f3n de las instituciones acad\u00e9micas, los compa\u00f1eros de las distintas \u00e1reas de la alcald\u00eda, y especialmente la participaci\u00f3n entusiasta de ni\u00f1os, ni\u00f1as y j\u00f3venes de la comunidad.<\/p>\n<p>\u00abEste desfile no solo celebra nuestra historia y nuestra independencia, sino que tambi\u00e9n fortalece el sentido de comunidad y el orgullo por nuestra patria\u00bb, coment\u00f3 Hern\u00e1ndez durante el evento.<\/p>\n<p>El desfile se llev\u00f3 a cabo en un ambiente festivo y patri\u00f3tico, con diversas actividades que incluyeron marchas, exhibiciones deportivas y presentaciones culturales. La jornada culmin\u00f3 con un emotivo \u00a1Viva Tl\u00e1huac! \u00a1Viva M\u00e9xico!, que reson\u00f3 en toda la plaza, reflejando el esp\u00edritu de unidad y celebraci\u00f3n que caracteriz\u00f3 el evento.<\/p>\n","protected":false},"excerpt":{"rendered":"<p>\ud83d\udd38 El evento se llev\u00f3 a cabo en un ambiente festivo y patri\u00f3tico, con diversas actividades que incluyeron marchas, exhibiciones deportivas y presentaciones culturales #CDMX | En el marco de la celebraci\u00f3n del 214 aniversario del inicio de la independencia, la alcald\u00eda de Tl\u00e1huac organiz\u00f3 un vibrante Desfile C\u00edvico Deportivo que tuvo lugar en el [&hellip;]<\/p>\n","protected":false},"author":1,"featured_media":24092,"comment_status":"open","ping_status":"closed","sticky":false,"template":"","format":"standard","meta":{"footnotes":""},"categories":[141],"tags":[],"class_list":["post-24090","post","type-post","status-publish","format-standard","has-post-thumbnail","hentry","category-cdmx"],"_links":{"self":[{"href":"https:\/\/podernacional.com\/index.php?rest_route=\/wp\/v2\/posts\/24090","targetHints":{"allow":["GET"]}}],"collection":[{"href":"https:\/\/podernacional.com\/index.php?rest_route=\/wp\/v2\/posts"}],"about":[{"href":"https:\/\/podernacional.com\/index.php?rest_route=\/wp\/v2\/types\/post"}],"author":[{"embeddable":true,"href":"https:\/\/podernacional.com\/index.php?rest_route=\/wp\/v2\/users\/1"}],"replies":[{"embeddable":true,"href":"https:\/\/podernacional.com\/index.php?rest_route=%2Fwp%2Fv2%2Fcomments&post=24090"}],"version-history":[{"count":1,"href":"https:\/\/podernacional.com\/index.php?rest_route=\/wp\/v2\/posts\/24090\/revisions"}],"predecessor-version":[{"id":24091,"href":"https:\/\/podernacional.com\/index.php?rest_route=\/wp\/v2\/posts\/24090\/revisions\/24091"}],"wp:featuredmedia":[{"embeddable":true,"href":"https:\/\/podernacional.com\/index.php?rest_route=\/wp\/v2\/media\/24092"}],"wp:attachment":[{"href":"https:\/\/podernacional.com\/index.php?rest_route=%2Fwp%2Fv2%2Fmedia&parent=24090"}],"wp:term":[{"taxonomy":"category","embeddable":true,"href":"https:\/\/podernacional.com\/index.php?rest_route=%2Fwp%2Fv2%2Fcategories&post=24090"},{"taxonomy":"post_tag","embeddable":true,"href":"https:\/\/podernacional.com\/index.php?rest_route=%2Fwp%2Fv2%2Ftags&post=24090"}],"curies":[{"name":"wp","href":"https:\/\/api.w.org\/{rel}","templated":true}]}}