{"id":24093,"date":"2024-09-17T12:33:26","date_gmt":"2024-09-17T17:33:26","guid":{"rendered":"https:\/\/podernacional.com\/?p=24093"},"modified":"2024-09-17T17:33:28","modified_gmt":"2024-09-17T17:33:28","slug":"layda-sansores-anuncia-nuevos-nombramientos-en-la-secont-semabicce-y-conalep","status":"publish","type":"post","link":"https:\/\/podernacional.com\/?p=24093","title":{"rendered":"Layda Sansores anuncia nuevos nombramientos en la Secont, Semabicce y Conalep"},"content":{"rendered":"<p>\ud83d\udd38Desde el colegio nacional, Ang\u00e9lica Lara P\u00e9rez buscar\u00e1 promover pol\u00edticas ambientales en el subsistencia educativo.<\/p>\n<p>#CAMPECHE | La gobernadora, Layda Sansores San Rom\u00e1n, hizo nuevos nombramientos en la Secretar\u00eda de Contralor\u00eda del Poder Ejecutivo del Estado de Campeche (Secont); la Secretar\u00eda de Medio Ambiente, Biodiversidad, Cambio Clim\u00e1tico y Energ\u00eda (Semabicce), y en el Colegio Nacional de Educaci\u00f3n Profesional T\u00e9cnica (Conalep).<\/p>\n<p>En la Secont llega Mercedes Montero P\u00e9rez, en lo que el Congreso del Estado de Campeche aprueba dicho nombramiento, pero ya lo hizo oficial la mandataria estatal a trav\u00e9s de sus redes; Montero P\u00e9rez es hermana del Gerardo Montero P\u00e9rez, ex rector de la Universidad Aut\u00f3noma de Campeche (UAC).<\/p>\n<p>Dicha dependencia estaba a cargo de Mar\u00eda Eugenia Enr\u00edquez Reyes, quien trabajara con Sansores San Rom\u00e1n en la Alcald\u00eda \u00c1lvaro Obreg\u00f3n del 2018 al 2021.<\/p>\n<p>En la Semabicce removieron a Ang\u00e9lica Lara P\u00e9rez R\u00edos, y subieron de grado a Jocelyn Dur\u00e1n Murrieta, quien hasta hace unos d\u00edas era la encargada de la direcci\u00f3n de Pol\u00edtica y Gobernanza en la dependencia estatal, y quien tambi\u00e9n trabaj\u00f3 con Sansores en la alcald\u00eda AO.<\/p>\n<p>Finalmente, en el Conalep estaba Celia Rodr\u00edguez Gil, quien anteriormente fue diputada en la pasada Legislatura del Congreso del Estado; su lugar ser\u00e1 ocupado por Ang\u00e9lica Lara P\u00e9rez R\u00edos, ex titular de la Semabicce, pero que ahora buscar\u00e1 promover nuevas pol\u00edticas ambientales en el subsistencia educativo.<\/p>\n","protected":false},"excerpt":{"rendered":"<p>\ud83d\udd38Desde el colegio nacional, Ang\u00e9lica Lara P\u00e9rez buscar\u00e1 promover pol\u00edticas ambientales en el subsistencia educativo. #CAMPECHE | La gobernadora, Layda Sansores San Rom\u00e1n, hizo nuevos nombramientos en la Secretar\u00eda de Contralor\u00eda del Poder Ejecutivo del Estado de Campeche (Secont); la Secretar\u00eda de Medio Ambiente, Biodiversidad, Cambio Clim\u00e1tico y Energ\u00eda (Semabicce), y en el Colegio Nacional [&hellip;]<\/p>\n","protected":false},"author":1,"featured_media":24095,"comment_status":"open","ping_status":"closed","sticky":false,"template":"","format":"standard","meta":{"footnotes":""},"categories":[132],"tags":[],"class_list":["post-24093","post","type-post","status-publish","format-standard","has-post-thumbnail","hentry","category-campeche"],"_links":{"self":[{"href":"https:\/\/podernacional.com\/index.php?rest_route=\/wp\/v2\/posts\/24093","targetHints":{"allow":["GET"]}}],"collection":[{"href":"https:\/\/podernacional.com\/index.php?rest_route=\/wp\/v2\/posts"}],"about":[{"href":"https:\/\/podernacional.com\/index.php?rest_route=\/wp\/v2\/types\/post"}],"author":[{"embeddable":true,"href":"https:\/\/podernacional.com\/index.php?rest_route=\/wp\/v2\/users\/1"}],"replies":[{"embeddable":true,"href":"https:\/\/podernacional.com\/index.php?rest_route=%2Fwp%2Fv2%2Fcomments&post=24093"}],"version-history":[{"count":1,"href":"https:\/\/podernacional.com\/index.php?rest_route=\/wp\/v2\/posts\/24093\/revisions"}],"predecessor-version":[{"id":24094,"href":"https:\/\/podernacional.com\/index.php?rest_route=\/wp\/v2\/posts\/24093\/revisions\/24094"}],"wp:featuredmedia":[{"embeddable":true,"href":"https:\/\/podernacional.com\/index.php?rest_route=\/wp\/v2\/media\/24095"}],"wp:attachment":[{"href":"https:\/\/podernacional.com\/index.php?rest_route=%2Fwp%2Fv2%2Fmedia&parent=24093"}],"wp:term":[{"taxonomy":"category","embeddable":true,"href":"https:\/\/podernacional.com\/index.php?rest_route=%2Fwp%2Fv2%2Fcategories&post=24093"},{"taxonomy":"post_tag","embeddable":true,"href":"https:\/\/podernacional.com\/index.php?rest_route=%2Fwp%2Fv2%2Ftags&post=24093"}],"curies":[{"name":"wp","href":"https:\/\/api.w.org\/{rel}","templated":true}]}}