{"id":24101,"date":"2024-09-18T12:55:04","date_gmt":"2024-09-18T17:55:04","guid":{"rendered":"https:\/\/podernacional.com\/?p=24101"},"modified":"2024-09-18T17:55:06","modified_gmt":"2024-09-18T17:55:06","slug":"jill-biden-primera-dama-de-ee-uu-asistira-a-la-toma-de-posesion-de-sheinbaum","status":"publish","type":"post","link":"https:\/\/podernacional.com\/?p=24101","title":{"rendered":"Jill Biden, primera dama de EE.UU., asistir\u00e1 a la toma de posesi\u00f3n de Sheinbaum"},"content":{"rendered":"<p>\ud83d\udd38 La pol\u00edtica mexicana ser\u00e1 la primera mujer en asumir la Presidencia de M\u00e9xico, tras ganar las elecciones del 2 de junio frente a X\u00f3chitl G\u00e1lvez<\/p>\n<p>#NACIONAL. La Casa Blanca confirm\u00f3 este mi\u00e9rcoles la asistencia de la primera dama de EE.UU., Jill Biden, a la toma de posesi\u00f3n de la presidenta electa Claudia Sheinbaum, ceremonia a realizarse el 1 de octubre<\/p>\n<p>Por medio de un comunicado, se indic\u00f3 que la esposa del mandatario Joe Biden encabezar\u00e1 la delegaci\u00f3n estadounidense, sobre la que se anunciar\u00e1 la composici\u00f3n completa posteriormente, en una fecha que no ha sido precisada.<\/p>\n<p>Sheinbaum Pardo recibir\u00e1 la banda presidencial en el Palacio Legislativo de San L\u00e1zaro, en la C\u00e1mara de Diputados, y despu\u00e9s ofrecer\u00e1 un almuerzo en el Palacio Nacional a los invitados internacionales.<\/p>\n<p>La pol\u00edtica mexicana ser\u00e1 la primera mujer en asumir la Presidencia de M\u00e9xico, tras ganar las elecciones del 2 de junio frente a X\u00f3chitl G\u00e1lvez con un r\u00e9cord de casi 36 millones de votos, casi el 60 por ciento del total<\/p>\n","protected":false},"excerpt":{"rendered":"<p>\ud83d\udd38 La pol\u00edtica mexicana ser\u00e1 la primera mujer en asumir la Presidencia de M\u00e9xico, tras ganar las elecciones del 2 de junio frente a X\u00f3chitl G\u00e1lvez #NACIONAL. La Casa Blanca confirm\u00f3 este mi\u00e9rcoles la asistencia de la primera dama de EE.UU., Jill Biden, a la toma de posesi\u00f3n de la presidenta electa Claudia Sheinbaum, ceremonia [&hellip;]<\/p>\n","protected":false},"author":1,"featured_media":24103,"comment_status":"open","ping_status":"closed","sticky":false,"template":"","format":"standard","meta":{"footnotes":""},"categories":[7],"tags":[],"class_list":["post-24101","post","type-post","status-publish","format-standard","has-post-thumbnail","hentry","category-nacional"],"_links":{"self":[{"href":"https:\/\/podernacional.com\/index.php?rest_route=\/wp\/v2\/posts\/24101","targetHints":{"allow":["GET"]}}],"collection":[{"href":"https:\/\/podernacional.com\/index.php?rest_route=\/wp\/v2\/posts"}],"about":[{"href":"https:\/\/podernacional.com\/index.php?rest_route=\/wp\/v2\/types\/post"}],"author":[{"embeddable":true,"href":"https:\/\/podernacional.com\/index.php?rest_route=\/wp\/v2\/users\/1"}],"replies":[{"embeddable":true,"href":"https:\/\/podernacional.com\/index.php?rest_route=%2Fwp%2Fv2%2Fcomments&post=24101"}],"version-history":[{"count":1,"href":"https:\/\/podernacional.com\/index.php?rest_route=\/wp\/v2\/posts\/24101\/revisions"}],"predecessor-version":[{"id":24102,"href":"https:\/\/podernacional.com\/index.php?rest_route=\/wp\/v2\/posts\/24101\/revisions\/24102"}],"wp:featuredmedia":[{"embeddable":true,"href":"https:\/\/podernacional.com\/index.php?rest_route=\/wp\/v2\/media\/24103"}],"wp:attachment":[{"href":"https:\/\/podernacional.com\/index.php?rest_route=%2Fwp%2Fv2%2Fmedia&parent=24101"}],"wp:term":[{"taxonomy":"category","embeddable":true,"href":"https:\/\/podernacional.com\/index.php?rest_route=%2Fwp%2Fv2%2Fcategories&post=24101"},{"taxonomy":"post_tag","embeddable":true,"href":"https:\/\/podernacional.com\/index.php?rest_route=%2Fwp%2Fv2%2Ftags&post=24101"}],"curies":[{"name":"wp","href":"https:\/\/api.w.org\/{rel}","templated":true}]}}