{"id":24149,"date":"2024-09-20T14:14:16","date_gmt":"2024-09-20T19:14:16","guid":{"rendered":"https:\/\/podernacional.com\/?p=24149"},"modified":"2024-09-20T19:14:43","modified_gmt":"2024-09-20T19:14:43","slug":"rocio-nahle-impulsa-mejora-en-vialidad-y-movilidad-para-el-desarrollo-regional","status":"publish","type":"post","link":"https:\/\/podernacional.com\/?p=24149","title":{"rendered":"Roc\u00edo Nahle impulsa mejora en vialidad y movilidad para el desarrollo regional"},"content":{"rendered":"<p>\ud83d\udd38 La gobernadora electa busca establecer un gobierno inclusivo que atienda las necesidades de los veracruzanos<\/p>\n<p>#VERACUZ | Roc\u00edo Nahle, gobernadora electa de Veracruz, ha iniciado una serie de reuniones con diversos sectores de la sociedad, con el objetivo de abordar los principales retos que enfrenta la entidad.<\/p>\n<p>Entre los temas prioritarios, destaca la mejora de la vialidad y movilidad en la regi\u00f3n de C\u00f3rdoba-Orizaba, donde se est\u00e1n llevando a cabo an\u00e1lisis con empresarios locales para optimizar el tr\u00e1nsito pesado.<\/p>\n<p>Nahle ha expresado su confianza en que estas iniciativas beneficiar\u00e1n a la regi\u00f3n, se\u00f1alando que \u00abnos va a ir bien\u00bb.<\/p>\n<p>Con su enfoque en la colaboraci\u00f3n y el di\u00e1logo, la gobernadora electa busca establecer un gobierno inclusivo que atienda las necesidades de los veracruzanos.<\/p>\n<p>A medida que se acerca su toma de posesi\u00f3n, la atenci\u00f3n se centra en c\u00f3mo sus propuestas se traducir\u00e1n en acciones concretas para mejorar la calidad de vida en Veracruz.<\/p>\n","protected":false},"excerpt":{"rendered":"<p>\ud83d\udd38 La gobernadora electa busca establecer un gobierno inclusivo que atienda las necesidades de los veracruzanos #VERACUZ | Roc\u00edo Nahle, gobernadora electa de Veracruz, ha iniciado una serie de reuniones con diversos sectores de la sociedad, con el objetivo de abordar los principales retos que enfrenta la entidad. Entre los temas prioritarios, destaca la mejora [&hellip;]<\/p>\n","protected":false},"author":1,"featured_media":24151,"comment_status":"open","ping_status":"closed","sticky":false,"template":"","format":"standard","meta":{"footnotes":""},"categories":[133],"tags":[],"class_list":["post-24149","post","type-post","status-publish","format-standard","has-post-thumbnail","hentry","category-veracruz"],"_links":{"self":[{"href":"https:\/\/podernacional.com\/index.php?rest_route=\/wp\/v2\/posts\/24149","targetHints":{"allow":["GET"]}}],"collection":[{"href":"https:\/\/podernacional.com\/index.php?rest_route=\/wp\/v2\/posts"}],"about":[{"href":"https:\/\/podernacional.com\/index.php?rest_route=\/wp\/v2\/types\/post"}],"author":[{"embeddable":true,"href":"https:\/\/podernacional.com\/index.php?rest_route=\/wp\/v2\/users\/1"}],"replies":[{"embeddable":true,"href":"https:\/\/podernacional.com\/index.php?rest_route=%2Fwp%2Fv2%2Fcomments&post=24149"}],"version-history":[{"count":1,"href":"https:\/\/podernacional.com\/index.php?rest_route=\/wp\/v2\/posts\/24149\/revisions"}],"predecessor-version":[{"id":24150,"href":"https:\/\/podernacional.com\/index.php?rest_route=\/wp\/v2\/posts\/24149\/revisions\/24150"}],"wp:featuredmedia":[{"embeddable":true,"href":"https:\/\/podernacional.com\/index.php?rest_route=\/wp\/v2\/media\/24151"}],"wp:attachment":[{"href":"https:\/\/podernacional.com\/index.php?rest_route=%2Fwp%2Fv2%2Fmedia&parent=24149"}],"wp:term":[{"taxonomy":"category","embeddable":true,"href":"https:\/\/podernacional.com\/index.php?rest_route=%2Fwp%2Fv2%2Fcategories&post=24149"},{"taxonomy":"post_tag","embeddable":true,"href":"https:\/\/podernacional.com\/index.php?rest_route=%2Fwp%2Fv2%2Ftags&post=24149"}],"curies":[{"name":"wp","href":"https:\/\/api.w.org\/{rel}","templated":true}]}}