{"id":24203,"date":"2024-09-21T23:04:22","date_gmt":"2024-09-22T04:04:22","guid":{"rendered":"https:\/\/podernacional.com\/?p=24203"},"modified":"2024-09-22T04:04:30","modified_gmt":"2024-09-22T04:04:30","slug":"reviven-comercial-misogino-de-pepsico-tras-la-cancelacion-del-show-de-adrian-marcelo","status":"publish","type":"post","link":"https:\/\/podernacional.com\/?p=24203","title":{"rendered":"Reviven comercial mis\u00f3gino de PepsiCo, tras la cancelaci\u00f3n del show de Adri\u00e1n Marcelo"},"content":{"rendered":"<p>\ud83d\udd38Los usuarios expusieron a la compa\u00f1\u00eda por promover la difusi\u00f3n de contenido delicado en una campa\u00f1a publicitaria a nivel nacional.<\/p>\n<p>#VIRAL | Tras la salida del pol\u00e9mico youtuber, Adri\u00e1n Marcelo, de la Casa de los Famosos M\u00e9xico, la gira de su show \u201cHermanos de Leche\u201d, que ten\u00eda planeada junto a su amigo y socio, Iv\u00e1n \u201cLa Mole\u201d; contin\u00faa siendo cancelada en varias partes de la rep\u00fablica.<\/p>\n<p>Ante la presi\u00f3n del p\u00fablico que se\u00f1ala a Adri\u00e1n Marcelo como una persona violenta y mis\u00f3gina, que utiliza su comedia para replicar este tipo de conductas. La cancelaci\u00f3n de su gira representa un severo golpe a su carrera.<\/p>\n<p>Entre la serie de cancelaciones de sus shows, la presentaci\u00f3n que se ten\u00eda pactada en CDMX en el Pepsi Center WTC, result\u00f3 ser una de las m\u00e1s importantes por el aforo del recinto y lo comentado que fue en redes sociales el comunicado que emiti\u00f3 el lugar.<\/p>\n<p>\u00abNuestro compromiso con la integridad, el respeto y la dignidad de todas las personas es inquebrantable\u201d, fueron las palabras compartidas por el recinto propiedad de PepsiCo hace unos d\u00edas.<\/p>\n<p>Debido al mensaje emitido, las opiniones en redes sociales fueron divididas, pues muchos usuarios felicitaron a la marca, mientras que otros tacharon este acto como censura. Adem\u00e1s como respuesta hacia el argumento de la cancelaci\u00f3n del evento, revivieron un comercial del a\u00f1o 2009 de Doritos, marca que pertenece a PepsiCo, en el cual se promueve la difusi\u00f3n de contenido \u00edntimo.<\/p>\n<p>En el video que fue difundido en \u2018X\u2019, antes Twitter, aparece el comediante Facundo encabezando la campa\u00f1a con una serie de spots publicitarios bajo el lema \u201cLas cosas chidas Rolalas\u201d, en donde presenta el nuevo producto de la marca y explica: \u201cporque qui\u00e9n no ha rolado un disco, una pel\u00edcula, un varo o incluso hasta la viej\u2026 Esta es la primer campa\u00f1a para rolarse\u201d.<\/p>\n","protected":false},"excerpt":{"rendered":"<p>\ud83d\udd38Los usuarios expusieron a la compa\u00f1\u00eda por promover la difusi\u00f3n de contenido delicado en una campa\u00f1a publicitaria a nivel nacional. #VIRAL | Tras la salida del pol\u00e9mico youtuber, Adri\u00e1n Marcelo, de la Casa de los Famosos M\u00e9xico, la gira de su show \u201cHermanos de Leche\u201d, que ten\u00eda planeada junto a su amigo y socio, Iv\u00e1n [&hellip;]<\/p>\n","protected":false},"author":1,"featured_media":24205,"comment_status":"open","ping_status":"closed","sticky":false,"template":"","format":"standard","meta":{"footnotes":""},"categories":[136],"tags":[],"class_list":["post-24203","post","type-post","status-publish","format-standard","has-post-thumbnail","hentry","category-viral"],"_links":{"self":[{"href":"https:\/\/podernacional.com\/index.php?rest_route=\/wp\/v2\/posts\/24203","targetHints":{"allow":["GET"]}}],"collection":[{"href":"https:\/\/podernacional.com\/index.php?rest_route=\/wp\/v2\/posts"}],"about":[{"href":"https:\/\/podernacional.com\/index.php?rest_route=\/wp\/v2\/types\/post"}],"author":[{"embeddable":true,"href":"https:\/\/podernacional.com\/index.php?rest_route=\/wp\/v2\/users\/1"}],"replies":[{"embeddable":true,"href":"https:\/\/podernacional.com\/index.php?rest_route=%2Fwp%2Fv2%2Fcomments&post=24203"}],"version-history":[{"count":1,"href":"https:\/\/podernacional.com\/index.php?rest_route=\/wp\/v2\/posts\/24203\/revisions"}],"predecessor-version":[{"id":24204,"href":"https:\/\/podernacional.com\/index.php?rest_route=\/wp\/v2\/posts\/24203\/revisions\/24204"}],"wp:featuredmedia":[{"embeddable":true,"href":"https:\/\/podernacional.com\/index.php?rest_route=\/wp\/v2\/media\/24205"}],"wp:attachment":[{"href":"https:\/\/podernacional.com\/index.php?rest_route=%2Fwp%2Fv2%2Fmedia&parent=24203"}],"wp:term":[{"taxonomy":"category","embeddable":true,"href":"https:\/\/podernacional.com\/index.php?rest_route=%2Fwp%2Fv2%2Fcategories&post=24203"},{"taxonomy":"post_tag","embeddable":true,"href":"https:\/\/podernacional.com\/index.php?rest_route=%2Fwp%2Fv2%2Ftags&post=24203"}],"curies":[{"name":"wp","href":"https:\/\/api.w.org\/{rel}","templated":true}]}}