{"id":24277,"date":"2024-09-23T15:07:24","date_gmt":"2024-09-23T20:07:24","guid":{"rendered":"https:\/\/podernacional.com\/?p=24277"},"modified":"2024-09-23T20:07:27","modified_gmt":"2024-09-23T20:07:27","slug":"ivan-romeo-oro-en-la-crono-sub23-del-mundial-de-zurich","status":"publish","type":"post","link":"https:\/\/podernacional.com\/?p=24277","title":{"rendered":"Iv\u00e1n Romeo, oro en la crono sub23 del Mundial de Z\u00farich"},"content":{"rendered":"<p>\ud83d\udd38El ciclista del Movistar vol\u00f3 en el \u00faltimo tramo a casi 60 por hora para convertirse en el segundo sub-23 espa\u00f1ol campe\u00f3n del mundo 25 a\u00f1os despu\u00e9s de Iv\u00e1n Guti\u00e9rrez.<\/p>\n<p>#DEPORTES | Se cumplen 25 a\u00f1os del triunfo de Iv\u00e1n Guti\u00e9rrez en el Mundial de Treviso y el ciclismo espa\u00f1ol lo celebra con otro Iv\u00e1n, Iv\u00e1n Romeo, un tallo de 21 a\u00f1os cumplidos en agosto, un pucelano del barrio de las Mercedes, en lo m\u00e1s alto del podio del Mundial sub-23 contrarreloj junto al lago de Z\u00farich, un maillot arco\u00edris y una medalla de oro colgada del cuello.<\/p>\n<p>En la tradici\u00f3n de otros gigantes espa\u00f1oles maestros de la contrarreloj, Miguel Indurain o Abraham Olano. A su lado, cerca en el escenario pero lejos estuvieron en la carretera, los otros medallistas, tambi\u00e9n chavales gigantes, rozando el 1,90, la nueva raza del ciclismo en el que los m\u00e1s j\u00f3venes cada vez son mejores, el sueco Jakob S\u00f6derqvist, segundo, a 32s, y el suizo Jan Christen, otro de los fen\u00f3menos juveniles del UAE, tercero, a 41s.<\/p>\n<p>En la victoria de Romeo, 30 kil\u00f3metros en las laderas del lago por las afueras de Z\u00farich recorridos en 36m 42s, interviene tanto el trabajo de los t\u00e9cnicos de su equipo, el Movistar del WorldTour, como su empe\u00f1o personal, y el de su familia. \u201cQuiz\u00e1s para algunos haya sido una sorpresa, pero, si soy sincero, no para m\u00ed. He trabajado tanto para conseguirla\u2026.\u201d, dice Romeo, tan alegre en el \u201cd\u00eda m\u00e1s feliz\u201d de su vida que hasta en el podio le cuesta trabajo no re\u00edrse mientras suena el himno.<\/p>\n<p>Y piensa sobre todo en su familia, en su padre que guard\u00f3 una semana de vacaciones para estar con \u00e9l los \u00faltimos 10 d\u00edas en Z\u00farich, ayud\u00e1ndole en todo, sigui\u00e9ndole en los entrenamientos, ayud\u00e1ndole a reconocer el recorrido, y hasta est\u00e1 a su lado, detr\u00e1s de las c\u00e1maras en el hot seat (el sill\u00f3n en el que los tres mejores en cada momento siguen el transcurso de la prueba). \u201cEl recorrido me iba perfecto, las subidas suaves, los descensos. Hab\u00edamos organizado el pacing para marcar la diferencia en el \u00faltimo tramo y segu\u00ed el plan al pie de la letra, pero no pens\u00e9 que fuera a tener tanta potencia al final\u201d.<\/p>\n<p>El \u00faltimo tramo fueron 9.400 metros vertiginosos que Romeo inici\u00f3 con el segundo mejor tiempo y lo sobrevol\u00f3, ese es el verbo, en 9m 55s, 25s menos que el sueco, 39s menos que el dan\u00e9s, y 59s menos que el belga Alec Segaert, el gran favorito (hab\u00eda sido segundo los dos \u00faltimos Mundiales el corredor del Lotto), que hab\u00eda marcado el mejor tiempo en el kil\u00f3metro 20,5 y termin\u00f3 cuarto.<\/p>\n<p>\u201cEn esos \u00faltimos 10 kil\u00f3metros se amontonaban cantidad de cosas en la cabeza, pensaba en toda mi familia, en todos los que ha estado cerca de m\u00ed, el mejor grupo del mundo, y me dec\u00eda, el dolor no importa, dale duro, dale duro, cinco kil\u00f3metros, cuatro, tres\u2026\u201d, explica Romeo, gran promesa de siempre del ciclismo espa\u00f1ol, cuyo progreso en contrarreloj debe mucho tambi\u00e9n al trabajo de su equipo, el Movistar, a su ingeniero de rendimiento, Iv\u00e1n Velasco, los estudios aerodin\u00e1micos, el material que marca la diferencia. \u201cHoy estoy feliz, muy feliz\u201d, dice Velasco. \u201cA veces sale y a veces no, pero ha salido perfecto el plan que hab\u00edamos trazado, porque sab\u00edamos que la clave estaba en el tramo final\u201d.<\/p>\n<p>El triunfo de Romeo es tambi\u00e9n un espejo del cambio del ciclismo espa\u00f1ol, que abraza ya el futuro y que en el Mundial de Z\u00farich promete grandes alegr\u00edas para la afici\u00f3n. Llegan j\u00f3venes de gran talento, y detr\u00e1s de Romeo se espera, el martes mismo, a la navarra Paula Ostiz, de 17 a\u00f1os, reciente campeona de Europa contrarreloj j\u00fanior y una de las favoritas en el Mundial. El jueves, en el Mundial de ruta j\u00fanior masculino, el alicantino de Alf\u00e0s del Pi, junto a Benidorm, H\u00e9ctor \u00c1lvarez, n\u00famero uno en el r\u00e1nking mundial, y el viernes, en la ruta sub-23, Pablo Torres, el fenomenal escalador de Vic\u00e1lvaro.<\/p>\n","protected":false},"excerpt":{"rendered":"<p>\ud83d\udd38El ciclista del Movistar vol\u00f3 en el \u00faltimo tramo a casi 60 por hora para convertirse en el segundo sub-23 espa\u00f1ol campe\u00f3n del mundo 25 a\u00f1os despu\u00e9s de Iv\u00e1n Guti\u00e9rrez. #DEPORTES | Se cumplen 25 a\u00f1os del triunfo de Iv\u00e1n Guti\u00e9rrez en el Mundial de Treviso y el ciclismo espa\u00f1ol lo celebra con otro Iv\u00e1n, [&hellip;]<\/p>\n","protected":false},"author":1,"featured_media":24279,"comment_status":"open","ping_status":"closed","sticky":false,"template":"","format":"standard","meta":{"footnotes":""},"categories":[3],"tags":[],"class_list":["post-24277","post","type-post","status-publish","format-standard","has-post-thumbnail","hentry","category-deportes"],"_links":{"self":[{"href":"https:\/\/podernacional.com\/index.php?rest_route=\/wp\/v2\/posts\/24277","targetHints":{"allow":["GET"]}}],"collection":[{"href":"https:\/\/podernacional.com\/index.php?rest_route=\/wp\/v2\/posts"}],"about":[{"href":"https:\/\/podernacional.com\/index.php?rest_route=\/wp\/v2\/types\/post"}],"author":[{"embeddable":true,"href":"https:\/\/podernacional.com\/index.php?rest_route=\/wp\/v2\/users\/1"}],"replies":[{"embeddable":true,"href":"https:\/\/podernacional.com\/index.php?rest_route=%2Fwp%2Fv2%2Fcomments&post=24277"}],"version-history":[{"count":1,"href":"https:\/\/podernacional.com\/index.php?rest_route=\/wp\/v2\/posts\/24277\/revisions"}],"predecessor-version":[{"id":24278,"href":"https:\/\/podernacional.com\/index.php?rest_route=\/wp\/v2\/posts\/24277\/revisions\/24278"}],"wp:featuredmedia":[{"embeddable":true,"href":"https:\/\/podernacional.com\/index.php?rest_route=\/wp\/v2\/media\/24279"}],"wp:attachment":[{"href":"https:\/\/podernacional.com\/index.php?rest_route=%2Fwp%2Fv2%2Fmedia&parent=24277"}],"wp:term":[{"taxonomy":"category","embeddable":true,"href":"https:\/\/podernacional.com\/index.php?rest_route=%2Fwp%2Fv2%2Fcategories&post=24277"},{"taxonomy":"post_tag","embeddable":true,"href":"https:\/\/podernacional.com\/index.php?rest_route=%2Fwp%2Fv2%2Ftags&post=24277"}],"curies":[{"name":"wp","href":"https:\/\/api.w.org\/{rel}","templated":true}]}}