{"id":24364,"date":"2024-09-26T12:59:27","date_gmt":"2024-09-26T17:59:27","guid":{"rendered":"https:\/\/podernacional.com\/?p=24364"},"modified":"2024-09-26T17:59:29","modified_gmt":"2024-09-26T17:59:29","slug":"gobierno-de-sinaloa-anuncia-caravana-de-atencion-integral-para-las-comunidades-serranas-del-sur","status":"publish","type":"post","link":"https:\/\/podernacional.com\/?p=24364","title":{"rendered":"Gobierno de Sinaloa anuncia caravana de atenci\u00f3n integral para las comunidades serranas del sur"},"content":{"rendered":"<p>\ud83d\udd38Adem\u00e1s de alimentos y agua, este jueves y viernes llegar\u00e1n servicios m\u00e9dicos, dentales y fumigaci\u00f3n contra el dengue a estas comunidades de Rosario y Concordia.<\/p>\n<p>#MAZATL\u00c1N | Como una muestra del compromiso que Gobierno de Sinaloa tiene con el bienestar de sus ciudadanos, especialmente en \u00e1reas rurales y de dif\u00edcil acceso, a trav\u00e9s de la Mesa Intersecretarial se llevar\u00e1n a cabo caravanas de atenci\u00f3n integral en las comunidades serranas del sur del estado, espec\u00edficamente en los municipios de El Rosario y Concordia, este jueves y viernes.<\/p>\n<p>Mar\u00eda In\u00e9s P\u00e9rez Corral, secretaria de Bienestar y Desarrollo Sustentable, dio a conocer que esta iniciativa del gobernador Rub\u00e9n Rocha Moya se pondr\u00e1 en marcha a trav\u00e9s la Mesa Intersecretarial para seguir apoyando a las familias de La Rastra, en El Rosario, y El Palmito y La Petaca, en Concordia.<\/p>\n<p>La caravana ser\u00e1 coordinada por la Secretar\u00eda de Bienestar y Desarrollo Sustentable, as\u00ed como Seguridad P\u00fablica del Estado, donde adem\u00e1s participa la Secretar\u00eda de Salud para asegurar que los recursos lleguen de manera efectiva a las comunidades.<\/p>\n<p>\u201cIniciaremos el jueves 26 de septiembre en La Rastra, Rosario; y en El Palmito y La Petaca, en Concordia, ser\u00e1 el d\u00eda 27 de septiembre, permitiendo as\u00ed una atenci\u00f3n m\u00e1s directa y eficaz a los habitantes de estas localidades para que a su vez las comunidades cercanas acudan y aprovechen estas caravanas. Ser\u00e1 en puntos estrat\u00e9gicos para que acuda la comunidad\u201d.<\/p>\n<p>P\u00e9rez Corral indic\u00f3 que la iniciativa se centrar\u00e1 en atender las necesidades de dichas comunidades espec\u00edficas para lograr una atenci\u00f3n m\u00e1s directa y eficaz.<\/p>\n<p>Los servicios que se ofrecer\u00e1n incluyen atenci\u00f3n m\u00e9dica, dentista y fumigaci\u00f3n contra el dengue, proporcionados por la Secretar\u00eda de Salud; tambi\u00e9n estar\u00e1n presentes las secretar\u00edas de Econom\u00eda y de Turismo.<\/p>\n<p>Adem\u00e1s, se brindar\u00e1 apoyo t\u00e9cnico por parte de la Comisi\u00f3n Estatal de Agua Potable y Alcantarillado de Sinaloa (Ceapas) y de la direcci\u00f3n de Agua y Energ\u00eda de la Secretar\u00eda de Bienestar y Desarrollo Sustentable, as\u00ed como el apoyo de alimentos y agua.<\/p>\n<p>La titular de Sebides agreg\u00f3 que esta colaboraci\u00f3n busca garantizar el acceso a servicios esenciales y mejorar la calidad de vida de los habitantes de estas zonas serranas.<\/p>\n","protected":false},"excerpt":{"rendered":"<p>\ud83d\udd38Adem\u00e1s de alimentos y agua, este jueves y viernes llegar\u00e1n servicios m\u00e9dicos, dentales y fumigaci\u00f3n contra el dengue a estas comunidades de Rosario y Concordia. #MAZATL\u00c1N | Como una muestra del compromiso que Gobierno de Sinaloa tiene con el bienestar de sus ciudadanos, especialmente en \u00e1reas rurales y de dif\u00edcil acceso, a trav\u00e9s de la [&hellip;]<\/p>\n","protected":false},"author":1,"featured_media":24366,"comment_status":"open","ping_status":"closed","sticky":false,"template":"","format":"standard","meta":{"footnotes":""},"categories":[155],"tags":[],"class_list":["post-24364","post","type-post","status-publish","format-standard","has-post-thumbnail","hentry","category-sinaloa"],"_links":{"self":[{"href":"https:\/\/podernacional.com\/index.php?rest_route=\/wp\/v2\/posts\/24364","targetHints":{"allow":["GET"]}}],"collection":[{"href":"https:\/\/podernacional.com\/index.php?rest_route=\/wp\/v2\/posts"}],"about":[{"href":"https:\/\/podernacional.com\/index.php?rest_route=\/wp\/v2\/types\/post"}],"author":[{"embeddable":true,"href":"https:\/\/podernacional.com\/index.php?rest_route=\/wp\/v2\/users\/1"}],"replies":[{"embeddable":true,"href":"https:\/\/podernacional.com\/index.php?rest_route=%2Fwp%2Fv2%2Fcomments&post=24364"}],"version-history":[{"count":1,"href":"https:\/\/podernacional.com\/index.php?rest_route=\/wp\/v2\/posts\/24364\/revisions"}],"predecessor-version":[{"id":24365,"href":"https:\/\/podernacional.com\/index.php?rest_route=\/wp\/v2\/posts\/24364\/revisions\/24365"}],"wp:featuredmedia":[{"embeddable":true,"href":"https:\/\/podernacional.com\/index.php?rest_route=\/wp\/v2\/media\/24366"}],"wp:attachment":[{"href":"https:\/\/podernacional.com\/index.php?rest_route=%2Fwp%2Fv2%2Fmedia&parent=24364"}],"wp:term":[{"taxonomy":"category","embeddable":true,"href":"https:\/\/podernacional.com\/index.php?rest_route=%2Fwp%2Fv2%2Fcategories&post=24364"},{"taxonomy":"post_tag","embeddable":true,"href":"https:\/\/podernacional.com\/index.php?rest_route=%2Fwp%2Fv2%2Ftags&post=24364"}],"curies":[{"name":"wp","href":"https:\/\/api.w.org\/{rel}","templated":true}]}}