{"id":2448,"date":"2021-02-25T00:32:54","date_gmt":"2021-02-25T00:32:54","guid":{"rendered":"https:\/\/whatsappcancun.com\/?p=2448"},"modified":"2021-02-25T00:32:54","modified_gmt":"2021-02-25T00:32:54","slug":"cancun-mas-de-55-mil-adultos-mayores-seran-vacunados","status":"publish","type":"post","link":"https:\/\/podernacional.com\/?p=2448","title":{"rendered":"Canc\u00fan: M\u00e1s de 55 mil adultos mayores ser\u00e1n vacunados"},"content":{"rendered":"<p><strong>QUINTANA ROO.- <\/strong>\u00a0La presidenta municipal\u00a0<strong>Mar\u00eda Elena Lezama Espinosa a<\/strong>segur\u00f3 que el regreso al color amarillo en el sem\u00e1foro epidemiol\u00f3gico estatal es una luz de esperanza y que Canc\u00fan avanza firmemente en la recuperaci\u00f3n de empleos y la actividad tur\u00edstica.<\/p>\n<div id=\"horas-b509cd8cfc6ccd772962d98682e9d772\" class=\"horas-b509cd8cfc6ccd772962d98682e9d772 horas-content_2\"><\/div>\n<p>En una entrevista a medios locales, dijo que las vacunas contra la Covid-19 para los adultos mayores de 60 a\u00f1os deben llegar en los pr\u00f3ximos d\u00edas a Canc\u00fan, luego de que ya se aplicaron en Puerto Morelos, Isla Mujeres y Bacalar, pero en este polo tur\u00edstica se requerir\u00e1 una mayor log\u00edstica para vacunar a m\u00e1s de 55 mil adultos mayores.<\/p>\n<h4><strong>\u00bfNo te has registrado para recibir la vacuna contra el Covid-19?<\/strong><\/h4>\n<p><em>Pidi\u00f3 visitar la p\u00e1gina www.mivacuna.salud.gob.mx para registrarse en que caso de no haberlo hecho, pero afirm\u00f3 que nadie se quedar\u00e1 sin vacuna.<\/em><\/p>\n<div id=\"horas-3505295e7e1dff84dfad4882e7bbd321\" class=\"horas-3505295e7e1dff84dfad4882e7bbd321 horas-content\"><\/div>\n<p>La alcaldesa inform\u00f3 que Canc\u00fan tiene 11 por ciento de ocupaci\u00f3n hospitalaria, en contraste con el 23 por ciento que lleg\u00f3 a tener en enero, y pidi\u00f3 a la ciudadan\u00eda reportar cualquier conducta que ponga en riesgo la salud de los benitojuarenses por pandemia al tel\u00e9fono 983-185-3403.<\/p>\n<h4><\/h4>\n<p>Dijo que, si alguien pierde un familiar y no tiene recursos para los gastos funerarios, puede acudir a la Unidad de Atenci\u00f3n a V\u00edctimas de Covid del DIF para solicitar apoyo.<\/p>\n<figure class=\"thb-pin-it-container aligncenter\"><i class=\"fa fa-pinterest\"><\/i><\/figure>\n<p>Asegur\u00f3 que el turismo sigue activo gracias a que Canc\u00fan es un destino que se ve seguro en el exterior y que los protocolos sanitarios continuar\u00e1n con el fin de avanzar al color verde del sem\u00e1foro epidemiol\u00f3gico.<\/p>\n<p>Finalmente, habl\u00f3 de la entrega \u201chist\u00f3rica\u201d de equipos, que nunca se hab\u00eda hecho en veinte a\u00f1os, a los bomberos de Canc\u00fan, con dos carrotanques o cisternas, c\u00e1maras de imagen t\u00e9rmica, alarmas de bombero ca\u00eddo, equipos de resucitaci\u00f3n y cinco \u201cquijadas de la vida\u201d.<\/p>\n","protected":false},"excerpt":{"rendered":"<p>QUINTANA ROO.- \u00a0La presidenta municipal\u00a0Mar\u00eda Elena Lezama Espinosa asegur\u00f3 que el regreso al color amarillo en el sem\u00e1foro epidemiol\u00f3gico estatal es una luz de esperanza y que Canc\u00fan avanza firmemente en la recuperaci\u00f3n de empleos y la actividad tur\u00edstica. En una entrevista a medios locales, dijo que las vacunas contra la Covid-19 para los adultos [&hellip;]<\/p>\n","protected":false},"author":1,"featured_media":2449,"comment_status":"open","ping_status":"open","sticky":false,"template":"","format":"standard","meta":{"footnotes":""},"categories":[6],"tags":[],"class_list":["post-2448","post","type-post","status-publish","format-standard","has-post-thumbnail","hentry","category-local"],"_links":{"self":[{"href":"https:\/\/podernacional.com\/index.php?rest_route=\/wp\/v2\/posts\/2448","targetHints":{"allow":["GET"]}}],"collection":[{"href":"https:\/\/podernacional.com\/index.php?rest_route=\/wp\/v2\/posts"}],"about":[{"href":"https:\/\/podernacional.com\/index.php?rest_route=\/wp\/v2\/types\/post"}],"author":[{"embeddable":true,"href":"https:\/\/podernacional.com\/index.php?rest_route=\/wp\/v2\/users\/1"}],"replies":[{"embeddable":true,"href":"https:\/\/podernacional.com\/index.php?rest_route=%2Fwp%2Fv2%2Fcomments&post=2448"}],"version-history":[{"count":0,"href":"https:\/\/podernacional.com\/index.php?rest_route=\/wp\/v2\/posts\/2448\/revisions"}],"wp:featuredmedia":[{"embeddable":true,"href":"https:\/\/podernacional.com\/index.php?rest_route=\/wp\/v2\/media\/2449"}],"wp:attachment":[{"href":"https:\/\/podernacional.com\/index.php?rest_route=%2Fwp%2Fv2%2Fmedia&parent=2448"}],"wp:term":[{"taxonomy":"category","embeddable":true,"href":"https:\/\/podernacional.com\/index.php?rest_route=%2Fwp%2Fv2%2Fcategories&post=2448"},{"taxonomy":"post_tag","embeddable":true,"href":"https:\/\/podernacional.com\/index.php?rest_route=%2Fwp%2Fv2%2Ftags&post=2448"}],"curies":[{"name":"wp","href":"https:\/\/api.w.org\/{rel}","templated":true}]}}