{"id":24597,"date":"2024-10-07T09:46:36","date_gmt":"2024-10-07T14:46:36","guid":{"rendered":"https:\/\/podernacional.com\/?p=24597"},"modified":"2024-10-07T14:46:57","modified_gmt":"2024-10-07T14:46:57","slug":"lilian-villanueva-celebra-el-34-aniversario-de-la-escuela-estatal-de-musica-de-quintana-roo","status":"publish","type":"post","link":"https:\/\/podernacional.com\/?p=24597","title":{"rendered":"Lilian Villanueva celebra el 34\u00b0 aniversario de la Escuela Estatal de M\u00fasica de Quintana Roo"},"content":{"rendered":"<p>\ud83d\udd38 La instituci\u00f3n sigue siendo un pilar fundamental en la promoci\u00f3n de la cultura y las artes en el estado<\/p>\n<p>#QUINTANAROO | La Directora del Instituto de Cultura y Artes de Quintana Roo, Lilian Villanueva, conmemora el 34\u00b0 aniversario de la Escuela Estatal de M\u00fasica de Quintana Roo, destacando su papel como un referente hist\u00f3rico en el desarrollo art\u00edstico y cultural del estado.<\/p>\n<p>En su mensaje, Villanueva enfatiz\u00f3 que, a lo largo de m\u00e1s de tres d\u00e9cadas, esta instituci\u00f3n ha formado a 34 generaciones de m\u00fasicos, contribuyendo de manera significativa al enriquecimiento del panorama cultural en la regi\u00f3n.<\/p>\n<p>\u201cLa Escuela Estatal de M\u00fasica no solo ha sido un semillero de talento, sino que ha impulsado a m\u00fasicos profesionales de renombre, como Joel Montero, cantante de \u00f3pera y tenor internacional, quien tuvo la fortuna de ser parte de la primera generaci\u00f3n de alumnos\u201d, se\u00f1al\u00f3.<\/p>\n<p>La celebraci\u00f3n, que re\u00fane a estudiantes, egresados y amantes de la m\u00fasica, es una oportunidad para reconocer el arduo trabajo de todos aquellos que han formado parte de esta escuela a lo largo de los a\u00f1os. \u201cFelicidades y gracias por ser parte de nuestra historia y presente. Su dedicaci\u00f3n ha dejado una huella imborrable en el coraz\u00f3n de Quintana Roo\u201d, concluy\u00f3 Villanueva.<\/p>\n<p>La Escuela Estatal de M\u00fasica sigue siendo un pilar fundamental en la promoci\u00f3n de la cultura y las artes en el estado, reafirmando su compromiso de continuar formando nuevas generaciones de artistas.<\/p>\n","protected":false},"excerpt":{"rendered":"<p>\ud83d\udd38 La instituci\u00f3n sigue siendo un pilar fundamental en la promoci\u00f3n de la cultura y las artes en el estado #QUINTANAROO | La Directora del Instituto de Cultura y Artes de Quintana Roo, Lilian Villanueva, conmemora el 34\u00b0 aniversario de la Escuela Estatal de M\u00fasica de Quintana Roo, destacando su papel como un referente hist\u00f3rico [&hellip;]<\/p>\n","protected":false},"author":1,"featured_media":24599,"comment_status":"open","ping_status":"closed","sticky":false,"template":"","format":"standard","meta":{"footnotes":""},"categories":[10],"tags":[],"class_list":["post-24597","post","type-post","status-publish","format-standard","has-post-thumbnail","hentry","category-quintana-roo"],"_links":{"self":[{"href":"https:\/\/podernacional.com\/index.php?rest_route=\/wp\/v2\/posts\/24597","targetHints":{"allow":["GET"]}}],"collection":[{"href":"https:\/\/podernacional.com\/index.php?rest_route=\/wp\/v2\/posts"}],"about":[{"href":"https:\/\/podernacional.com\/index.php?rest_route=\/wp\/v2\/types\/post"}],"author":[{"embeddable":true,"href":"https:\/\/podernacional.com\/index.php?rest_route=\/wp\/v2\/users\/1"}],"replies":[{"embeddable":true,"href":"https:\/\/podernacional.com\/index.php?rest_route=%2Fwp%2Fv2%2Fcomments&post=24597"}],"version-history":[{"count":1,"href":"https:\/\/podernacional.com\/index.php?rest_route=\/wp\/v2\/posts\/24597\/revisions"}],"predecessor-version":[{"id":24598,"href":"https:\/\/podernacional.com\/index.php?rest_route=\/wp\/v2\/posts\/24597\/revisions\/24598"}],"wp:featuredmedia":[{"embeddable":true,"href":"https:\/\/podernacional.com\/index.php?rest_route=\/wp\/v2\/media\/24599"}],"wp:attachment":[{"href":"https:\/\/podernacional.com\/index.php?rest_route=%2Fwp%2Fv2%2Fmedia&parent=24597"}],"wp:term":[{"taxonomy":"category","embeddable":true,"href":"https:\/\/podernacional.com\/index.php?rest_route=%2Fwp%2Fv2%2Fcategories&post=24597"},{"taxonomy":"post_tag","embeddable":true,"href":"https:\/\/podernacional.com\/index.php?rest_route=%2Fwp%2Fv2%2Ftags&post=24597"}],"curies":[{"name":"wp","href":"https:\/\/api.w.org\/{rel}","templated":true}]}}