{"id":24612,"date":"2024-10-08T14:06:16","date_gmt":"2024-10-08T19:06:16","guid":{"rendered":"https:\/\/podernacional.com\/?p=24612"},"modified":"2024-10-08T19:06:18","modified_gmt":"2024-10-08T19:06:18","slug":"se-descarta-huelga-de-pilotos-tras-acuerdo-preliminar","status":"publish","type":"post","link":"https:\/\/podernacional.com\/?p=24612","title":{"rendered":"Se descarta huelga de pilotos tras acuerdo preliminar"},"content":{"rendered":"<p>\ud83d\udd38 La ASPA inform\u00f3 que este acuerdo implic\u00f3 negociaciones complejas con Grupo Aerom\u00e9xico<\/p>\n<p>#NACIONAL | La Asociaci\u00f3n Sindical de Pilotos Aviadores (ASPA) inform\u00f3 este lunes que en asamblea general se aprob\u00f3 la propuesta de Grupo Aerom\u00e9xico al contrato colectivo de trabajo con aumentos en el salario y las prestaciones, por lo que se cancel\u00f3 la huelga emplazada para el primer minuto del martes 8 de octubre.<\/p>\n<p>La mayor\u00eda de trabajadores asistentes a la asamblea aprobaron la propuesta. En los pr\u00f3ximos 10 d\u00edas el convenio se pondr\u00e1 a disposici\u00f3n de los pilotos para su an\u00e1lisis y en 10 d\u00edas m\u00e1s se llevar\u00e1 a consulta en urnas.<\/p>\n<p>&nbsp;<\/p>\n<p>Reconocemos la labor de las autoridades laborales y judiciales que han intervenido en este proceso y agradecemos el apoyo de sindicatos hermanos nacionales e internacionales que nos respaldaron en esta lucha\u201d, manifest\u00f3 ASPA.<\/p>\n<p>La ASPA inform\u00f3 que este acuerdo implic\u00f3 negociaciones complejas con Grupo Aerom\u00e9xico.<\/p>\n","protected":false},"excerpt":{"rendered":"<p>\ud83d\udd38 La ASPA inform\u00f3 que este acuerdo implic\u00f3 negociaciones complejas con Grupo Aerom\u00e9xico #NACIONAL | La Asociaci\u00f3n Sindical de Pilotos Aviadores (ASPA) inform\u00f3 este lunes que en asamblea general se aprob\u00f3 la propuesta de Grupo Aerom\u00e9xico al contrato colectivo de trabajo con aumentos en el salario y las prestaciones, por lo que se cancel\u00f3 la [&hellip;]<\/p>\n","protected":false},"author":1,"featured_media":24614,"comment_status":"open","ping_status":"closed","sticky":false,"template":"","format":"standard","meta":{"footnotes":""},"categories":[7],"tags":[],"class_list":["post-24612","post","type-post","status-publish","format-standard","has-post-thumbnail","hentry","category-nacional"],"_links":{"self":[{"href":"https:\/\/podernacional.com\/index.php?rest_route=\/wp\/v2\/posts\/24612","targetHints":{"allow":["GET"]}}],"collection":[{"href":"https:\/\/podernacional.com\/index.php?rest_route=\/wp\/v2\/posts"}],"about":[{"href":"https:\/\/podernacional.com\/index.php?rest_route=\/wp\/v2\/types\/post"}],"author":[{"embeddable":true,"href":"https:\/\/podernacional.com\/index.php?rest_route=\/wp\/v2\/users\/1"}],"replies":[{"embeddable":true,"href":"https:\/\/podernacional.com\/index.php?rest_route=%2Fwp%2Fv2%2Fcomments&post=24612"}],"version-history":[{"count":1,"href":"https:\/\/podernacional.com\/index.php?rest_route=\/wp\/v2\/posts\/24612\/revisions"}],"predecessor-version":[{"id":24613,"href":"https:\/\/podernacional.com\/index.php?rest_route=\/wp\/v2\/posts\/24612\/revisions\/24613"}],"wp:featuredmedia":[{"embeddable":true,"href":"https:\/\/podernacional.com\/index.php?rest_route=\/wp\/v2\/media\/24614"}],"wp:attachment":[{"href":"https:\/\/podernacional.com\/index.php?rest_route=%2Fwp%2Fv2%2Fmedia&parent=24612"}],"wp:term":[{"taxonomy":"category","embeddable":true,"href":"https:\/\/podernacional.com\/index.php?rest_route=%2Fwp%2Fv2%2Fcategories&post=24612"},{"taxonomy":"post_tag","embeddable":true,"href":"https:\/\/podernacional.com\/index.php?rest_route=%2Fwp%2Fv2%2Ftags&post=24612"}],"curies":[{"name":"wp","href":"https:\/\/api.w.org\/{rel}","templated":true}]}}