{"id":24621,"date":"2024-10-09T11:47:19","date_gmt":"2024-10-09T16:47:19","guid":{"rendered":"https:\/\/podernacional.com\/?p=24621"},"modified":"2024-10-09T16:47:21","modified_gmt":"2024-10-09T16:47:21","slug":"tono-ixtlahuac-inaugura-un-nuevo-domo-en-zitacuaro","status":"publish","type":"post","link":"https:\/\/podernacional.com\/?p=24621","title":{"rendered":"To\u00f1o Ixtl\u00e1huac inaugura un nuevo domo en Zit\u00e1cuaro"},"content":{"rendered":"<p>\ud83d\udd38 El alcalde reafirm\u00f3 su compromiso de seguir impulsando la construcci\u00f3n de espacios p\u00fablicos de calidad<\/p>\n<p>#MICHOAC\u00c1N | El presidente municipal To\u00f1o Ixtl\u00e1huac inaugur\u00f3 un nuevo domo en un espacio recreativo de una de las colonias populares de la Heroica Zit\u00e1cuaro, destacando su compromiso con el bienestar de la comunidad.<\/p>\n<p>Durante el evento, Ixtl\u00e1huac expres\u00f3: \u00ab\u00a1Inauguramos un domo m\u00e1s! Aqu\u00ed los ni\u00f1os y sus familias podr\u00e1n disfrutar de un ambiente seguro y agradable\u00bb. Este nuevo espacio ha sido mejorado con la instalaci\u00f3n de juegos, bancas y equipos aer\u00f3bicos, promoviendo as\u00ed la actividad f\u00edsica y la convivencia familiar.<\/p>\n<p>El alcalde reafirm\u00f3 su compromiso de seguir impulsando la construcci\u00f3n de espacios p\u00fablicos de calidad, se\u00f1alando que estos lugares son fundamentales para fomentar el deporte y la interacci\u00f3n comunitaria. La inauguraci\u00f3n del domo es parte de una estrategia m\u00e1s amplia para mejorar la infraestructura recreativa de Zit\u00e1cuaro y brindar a los ciudadanos opciones saludables para su esparcimiento.<\/p>\n","protected":false},"excerpt":{"rendered":"<p>\ud83d\udd38 El alcalde reafirm\u00f3 su compromiso de seguir impulsando la construcci\u00f3n de espacios p\u00fablicos de calidad #MICHOAC\u00c1N | El presidente municipal To\u00f1o Ixtl\u00e1huac inaugur\u00f3 un nuevo domo en un espacio recreativo de una de las colonias populares de la Heroica Zit\u00e1cuaro, destacando su compromiso con el bienestar de la comunidad. Durante el evento, Ixtl\u00e1huac expres\u00f3: [&hellip;]<\/p>\n","protected":false},"author":1,"featured_media":24623,"comment_status":"open","ping_status":"closed","sticky":false,"template":"","format":"standard","meta":{"footnotes":""},"categories":[148],"tags":[],"class_list":["post-24621","post","type-post","status-publish","format-standard","has-post-thumbnail","hentry","category-michoacan"],"_links":{"self":[{"href":"https:\/\/podernacional.com\/index.php?rest_route=\/wp\/v2\/posts\/24621","targetHints":{"allow":["GET"]}}],"collection":[{"href":"https:\/\/podernacional.com\/index.php?rest_route=\/wp\/v2\/posts"}],"about":[{"href":"https:\/\/podernacional.com\/index.php?rest_route=\/wp\/v2\/types\/post"}],"author":[{"embeddable":true,"href":"https:\/\/podernacional.com\/index.php?rest_route=\/wp\/v2\/users\/1"}],"replies":[{"embeddable":true,"href":"https:\/\/podernacional.com\/index.php?rest_route=%2Fwp%2Fv2%2Fcomments&post=24621"}],"version-history":[{"count":1,"href":"https:\/\/podernacional.com\/index.php?rest_route=\/wp\/v2\/posts\/24621\/revisions"}],"predecessor-version":[{"id":24622,"href":"https:\/\/podernacional.com\/index.php?rest_route=\/wp\/v2\/posts\/24621\/revisions\/24622"}],"wp:featuredmedia":[{"embeddable":true,"href":"https:\/\/podernacional.com\/index.php?rest_route=\/wp\/v2\/media\/24623"}],"wp:attachment":[{"href":"https:\/\/podernacional.com\/index.php?rest_route=%2Fwp%2Fv2%2Fmedia&parent=24621"}],"wp:term":[{"taxonomy":"category","embeddable":true,"href":"https:\/\/podernacional.com\/index.php?rest_route=%2Fwp%2Fv2%2Fcategories&post=24621"},{"taxonomy":"post_tag","embeddable":true,"href":"https:\/\/podernacional.com\/index.php?rest_route=%2Fwp%2Fv2%2Ftags&post=24621"}],"curies":[{"name":"wp","href":"https:\/\/api.w.org\/{rel}","templated":true}]}}