{"id":24629,"date":"2024-10-09T12:08:26","date_gmt":"2024-10-09T17:08:26","guid":{"rendered":"https:\/\/podernacional.com\/?p=24629"},"modified":"2024-10-09T17:08:27","modified_gmt":"2024-10-09T17:08:27","slug":"margarita-gonzalez-saravia-inicia-rehabilitacion-del-circuito-tierra-y-libertad-en-morelos","status":"publish","type":"post","link":"https:\/\/podernacional.com\/?p=24629","title":{"rendered":"Margarita Gonz\u00e1lez Saravia inicia rehabilitaci\u00f3n del \u2018Circuito Tierra y Libertad\u2019 en Morelos"},"content":{"rendered":"<p>\ud83d\udd38 La mandataria indic\u00f3 que el esfuerzo est\u00e1 enfocado en garantizar caminos seguros y accesibles para todas las comunidades, una prioridad para su administraci\u00f3n<\/p>\n<p>#MORELOS | La gobernadora del estado de Morelos, Margarita Gonz\u00e1lez Saravia, dio inicio al programa de rehabilitaci\u00f3n y obra del \u2018Circuito Tierra y Libertad\u2019, un ambicioso proyecto que busca transformar la infraestructura vial de la regi\u00f3n.<\/p>\n<p>Durante el lanzamiento, Gonz\u00e1lez Saravia destac\u00f3: \u00abComenzamos con la rehabilitaci\u00f3n de la carretera Jojutla-Instituto Tecnol\u00f3gico de Zacatepec, beneficiando a m\u00e1s de 90 mil habitantes\u00bb. Este esfuerzo est\u00e1 enfocado en garantizar caminos seguros y accesibles para todas las comunidades, una prioridad para su administraci\u00f3n.<\/p>\n<p>La gobernadora subray\u00f3 que este es solo el comienzo de una serie de acciones destinadas a mejorar la conectividad y calidad de vida en Morelos, reafirmando su compromiso con el desarrollo y bienestar de los ciudadanos. Con este proyecto, se espera no solo mejorar la movilidad, sino tambi\u00e9n fomentar el crecimiento econ\u00f3mico en la regi\u00f3n.<\/p>\n","protected":false},"excerpt":{"rendered":"<p>\ud83d\udd38 La mandataria indic\u00f3 que el esfuerzo est\u00e1 enfocado en garantizar caminos seguros y accesibles para todas las comunidades, una prioridad para su administraci\u00f3n #MORELOS | La gobernadora del estado de Morelos, Margarita Gonz\u00e1lez Saravia, dio inicio al programa de rehabilitaci\u00f3n y obra del \u2018Circuito Tierra y Libertad\u2019, un ambicioso proyecto que busca transformar la [&hellip;]<\/p>\n","protected":false},"author":1,"featured_media":24631,"comment_status":"open","ping_status":"closed","sticky":false,"template":"","format":"standard","meta":{"footnotes":""},"categories":[153],"tags":[],"class_list":["post-24629","post","type-post","status-publish","format-standard","has-post-thumbnail","hentry","category-morelos"],"_links":{"self":[{"href":"https:\/\/podernacional.com\/index.php?rest_route=\/wp\/v2\/posts\/24629","targetHints":{"allow":["GET"]}}],"collection":[{"href":"https:\/\/podernacional.com\/index.php?rest_route=\/wp\/v2\/posts"}],"about":[{"href":"https:\/\/podernacional.com\/index.php?rest_route=\/wp\/v2\/types\/post"}],"author":[{"embeddable":true,"href":"https:\/\/podernacional.com\/index.php?rest_route=\/wp\/v2\/users\/1"}],"replies":[{"embeddable":true,"href":"https:\/\/podernacional.com\/index.php?rest_route=%2Fwp%2Fv2%2Fcomments&post=24629"}],"version-history":[{"count":1,"href":"https:\/\/podernacional.com\/index.php?rest_route=\/wp\/v2\/posts\/24629\/revisions"}],"predecessor-version":[{"id":24630,"href":"https:\/\/podernacional.com\/index.php?rest_route=\/wp\/v2\/posts\/24629\/revisions\/24630"}],"wp:featuredmedia":[{"embeddable":true,"href":"https:\/\/podernacional.com\/index.php?rest_route=\/wp\/v2\/media\/24631"}],"wp:attachment":[{"href":"https:\/\/podernacional.com\/index.php?rest_route=%2Fwp%2Fv2%2Fmedia&parent=24629"}],"wp:term":[{"taxonomy":"category","embeddable":true,"href":"https:\/\/podernacional.com\/index.php?rest_route=%2Fwp%2Fv2%2Fcategories&post=24629"},{"taxonomy":"post_tag","embeddable":true,"href":"https:\/\/podernacional.com\/index.php?rest_route=%2Fwp%2Fv2%2Ftags&post=24629"}],"curies":[{"name":"wp","href":"https:\/\/api.w.org\/{rel}","templated":true}]}}