{"id":24647,"date":"2024-10-10T12:14:57","date_gmt":"2024-10-10T17:14:57","guid":{"rendered":"https:\/\/podernacional.com\/?p=24647"},"modified":"2024-10-10T17:14:58","modified_gmt":"2024-10-10T17:14:58","slug":"rommel-pacheco-impulsara-la-conciliacion-rompe-con-estilo-de-ana-guevara","status":"publish","type":"post","link":"https:\/\/podernacional.com\/?p=24647","title":{"rendered":"Rommel Pacheco impulsar\u00e1 la conciliaci\u00f3n; rompe con estilo de Ana Guevara"},"content":{"rendered":"<p>\ud83d\udd38El ex clavadista cambiar\u00e1 la l\u00ednea de la anterior administraci\u00f3n de la Conade para priorizar a los atletas<\/p>\n<p>#DEPORTES | El nuevo responsable de la Comisi\u00f3n Nacional de Cultura F\u00edsica y Deporte (Conade), Rommel Pacheco, anunci\u00f3 que revertir\u00e1 la pol\u00edtica impuesta por la velocista Ana Gabriela Guevara y aplicar\u00e1 una de puertas abiertas con los deportistas, regresar\u00e1 becas, al revisar cada caso y se acercar\u00e1 a las federaciones.<\/p>\n<p>Entrevistado en el Senado, donde acudi\u00f3 a la instalaci\u00f3n de la Comisi\u00f3n del Deporte, dijo que \u201cyo ya estoy en comunicaci\u00f3n con algunos de ellos; Laura Galv\u00e1n, para decirle que es un tr\u00e1mite administrativo que no corresponde a esta administraci\u00f3n y que vamos a revisar cada uno de los casos.<\/p>\n<p>Ya di la instrucci\u00f3n en el \u00e1rea de Calidad, que se encarga de las becas, de que se considere cada uno de los casos y que no se bajen las becas en este momento y que no den de baja hasta no analizar cada uno de los casos y los que ya est\u00e1n en ese procedimiento revisarlos para ver c\u00f3mo podemos revocar lo que est\u00e1 sucediendo\u201d, dijo.<\/p>\n<p>Interrogado sobre si sanear\u00e1 la relaci\u00f3n con los deportistas, luego del deterioro que se registr\u00f3 durante la administraci\u00f3n de Ana Gabriela Guevara, el exclavista, campe\u00f3n panamericano, respondi\u00f3 que \u201ctengo una buena relaci\u00f3n con los deportistas y una de las pol\u00edticas que vamos a seguir son puertas abiertas.<\/p>\n<p>Despu\u00e9s de Juegos Ol\u00edmpicos, por reglas de operaci\u00f3n, estamos haciendo revisiones de becas y algunas personas causaron baja. Yo ya estoy en comunicaci\u00f3n con algunos de ellos\u201d, afirm\u00f3.<\/p>\n<p>La instrucci\u00f3n es que los deportistas tengan todo lo necesario, puertas abiertas, comunicaci\u00f3n y respondiendo no s\u00f3lo a los deportistas, trabajar de la mano con las federaciones. Hay muchas que est\u00e1n en controversia, a veces existen dos federaciones. Platicar con cada una de ellas y resolver, porque ellas son el \u00f3rgano t\u00e9cnico de cada una de las disciplinas y la Conade es el \u00f3rgano que se encarga de apoyar a esos otros \u00f3rganos\u201d, precis\u00f3.<\/p>\n<p>Durante su participaci\u00f3n en la instalaci\u00f3n de la comisi\u00f3n senatorial, Pacheco explic\u00f3 a los senadores que el deporte ser\u00e1 una de las herramientas que se utilizar\u00e1n para alejar a los j\u00f3venes de las actividades delictivas, porque es mejor que jueguen futbol, beisbol o que compitan, a que sean rehenes de grupos que s\u00f3lo buscan utilizarlos y hacerles da\u00f1o.<\/p>\n","protected":false},"excerpt":{"rendered":"<p>\ud83d\udd38El ex clavadista cambiar\u00e1 la l\u00ednea de la anterior administraci\u00f3n de la Conade para priorizar a los atletas #DEPORTES | El nuevo responsable de la Comisi\u00f3n Nacional de Cultura F\u00edsica y Deporte (Conade), Rommel Pacheco, anunci\u00f3 que revertir\u00e1 la pol\u00edtica impuesta por la velocista Ana Gabriela Guevara y aplicar\u00e1 una de puertas abiertas con los [&hellip;]<\/p>\n","protected":false},"author":1,"featured_media":24649,"comment_status":"open","ping_status":"closed","sticky":false,"template":"","format":"standard","meta":{"footnotes":""},"categories":[3],"tags":[],"class_list":["post-24647","post","type-post","status-publish","format-standard","has-post-thumbnail","hentry","category-deportes"],"_links":{"self":[{"href":"https:\/\/podernacional.com\/index.php?rest_route=\/wp\/v2\/posts\/24647","targetHints":{"allow":["GET"]}}],"collection":[{"href":"https:\/\/podernacional.com\/index.php?rest_route=\/wp\/v2\/posts"}],"about":[{"href":"https:\/\/podernacional.com\/index.php?rest_route=\/wp\/v2\/types\/post"}],"author":[{"embeddable":true,"href":"https:\/\/podernacional.com\/index.php?rest_route=\/wp\/v2\/users\/1"}],"replies":[{"embeddable":true,"href":"https:\/\/podernacional.com\/index.php?rest_route=%2Fwp%2Fv2%2Fcomments&post=24647"}],"version-history":[{"count":1,"href":"https:\/\/podernacional.com\/index.php?rest_route=\/wp\/v2\/posts\/24647\/revisions"}],"predecessor-version":[{"id":24648,"href":"https:\/\/podernacional.com\/index.php?rest_route=\/wp\/v2\/posts\/24647\/revisions\/24648"}],"wp:featuredmedia":[{"embeddable":true,"href":"https:\/\/podernacional.com\/index.php?rest_route=\/wp\/v2\/media\/24649"}],"wp:attachment":[{"href":"https:\/\/podernacional.com\/index.php?rest_route=%2Fwp%2Fv2%2Fmedia&parent=24647"}],"wp:term":[{"taxonomy":"category","embeddable":true,"href":"https:\/\/podernacional.com\/index.php?rest_route=%2Fwp%2Fv2%2Fcategories&post=24647"},{"taxonomy":"post_tag","embeddable":true,"href":"https:\/\/podernacional.com\/index.php?rest_route=%2Fwp%2Fv2%2Ftags&post=24647"}],"curies":[{"name":"wp","href":"https:\/\/api.w.org\/{rel}","templated":true}]}}