{"id":24677,"date":"2024-10-11T13:08:32","date_gmt":"2024-10-11T18:08:32","guid":{"rendered":"https:\/\/podernacional.com\/?p=24677"},"modified":"2024-10-11T18:08:33","modified_gmt":"2024-10-11T18:08:33","slug":"trabajadores-del-camp-nou-se-pelean-seis-heridos","status":"publish","type":"post","link":"https:\/\/podernacional.com\/?p=24677","title":{"rendered":"Trabajadores del Camp Nou se pelean; seis heridos"},"content":{"rendered":"<p>\ud83d\udd38 El incidente ocurri\u00f3 mientras contin\u00faan las obras de remodelaci\u00f3n del estadio, parte del proyecto Espai Barca, que incluye la modernizaci\u00f3n del campo y otras instalaciones deportivas del club<\/p>\n<p>Entre 20 y 30 trabajadores de las obras del Camp Nou de Barcelona participaron en una pelea ante el estadio este viernes, y seis de ellos han resultado heridos leves.<\/p>\n<p>Seg\u00fan informan los Mossos d&#8217;Esquadra, los participantes en el altercado son trabajadores de una empresa externa al FC Barcelona, y no constan detenidos.<\/p>\n<p>La polic\u00eda catalana recibi\u00f3 el aviso sobre las 14:30 horas de este viernes y se traslad\u00f3 al lugar, junto a miembros del Sistema d&#8217;Emerg\u00e8ncies M\u00e8diques (SEM).<\/p>\n<p>Este jueves, el Barcelona dio a conocer c\u00f3mo se ven los primeros asientos de su estadio.<\/p>\n<p>El Camp Nou es casa del cuadro blaugrana desde el 24 de septiembre de 1957, d\u00eda de su inauguraci\u00f3n. Se construy\u00f3 entre 1955 y 1957.<\/p>\n<p>Con su capacidad de 99 mil 354 aficionados, se catalog\u00f3 como el m\u00e1s grande de toda Europa. Su aforo sufri\u00f3 diversas modificaciones, debido a las ampliaciones que se han hecho.<\/p>\n<p>Actualmente, se trabaja en la transformaci\u00f3n del estadio con el proyecto Espai Barca.<\/p>\n<p>En el proyecto se incluye la remodelaci\u00f3n integral del Camp Nou, la construcci\u00f3n de un nuevo Palau Blaugrana, un Campus Barca y la construcci\u00f3n del estadi Johan Cruyff en la Ciudad Deportiva Joan Gamper.<\/p>\n","protected":false},"excerpt":{"rendered":"<p>\ud83d\udd38 El incidente ocurri\u00f3 mientras contin\u00faan las obras de remodelaci\u00f3n del estadio, parte del proyecto Espai Barca, que incluye la modernizaci\u00f3n del campo y otras instalaciones deportivas del club Entre 20 y 30 trabajadores de las obras del Camp Nou de Barcelona participaron en una pelea ante el estadio este viernes, y seis de ellos [&hellip;]<\/p>\n","protected":false},"author":1,"featured_media":24679,"comment_status":"open","ping_status":"closed","sticky":false,"template":"","format":"standard","meta":{"footnotes":""},"categories":[5],"tags":[],"class_list":["post-24677","post","type-post","status-publish","format-standard","has-post-thumbnail","hentry","category-internacional"],"_links":{"self":[{"href":"https:\/\/podernacional.com\/index.php?rest_route=\/wp\/v2\/posts\/24677","targetHints":{"allow":["GET"]}}],"collection":[{"href":"https:\/\/podernacional.com\/index.php?rest_route=\/wp\/v2\/posts"}],"about":[{"href":"https:\/\/podernacional.com\/index.php?rest_route=\/wp\/v2\/types\/post"}],"author":[{"embeddable":true,"href":"https:\/\/podernacional.com\/index.php?rest_route=\/wp\/v2\/users\/1"}],"replies":[{"embeddable":true,"href":"https:\/\/podernacional.com\/index.php?rest_route=%2Fwp%2Fv2%2Fcomments&post=24677"}],"version-history":[{"count":1,"href":"https:\/\/podernacional.com\/index.php?rest_route=\/wp\/v2\/posts\/24677\/revisions"}],"predecessor-version":[{"id":24678,"href":"https:\/\/podernacional.com\/index.php?rest_route=\/wp\/v2\/posts\/24677\/revisions\/24678"}],"wp:featuredmedia":[{"embeddable":true,"href":"https:\/\/podernacional.com\/index.php?rest_route=\/wp\/v2\/media\/24679"}],"wp:attachment":[{"href":"https:\/\/podernacional.com\/index.php?rest_route=%2Fwp%2Fv2%2Fmedia&parent=24677"}],"wp:term":[{"taxonomy":"category","embeddable":true,"href":"https:\/\/podernacional.com\/index.php?rest_route=%2Fwp%2Fv2%2Fcategories&post=24677"},{"taxonomy":"post_tag","embeddable":true,"href":"https:\/\/podernacional.com\/index.php?rest_route=%2Fwp%2Fv2%2Ftags&post=24677"}],"curies":[{"name":"wp","href":"https:\/\/api.w.org\/{rel}","templated":true}]}}