{"id":2469,"date":"2021-02-27T04:03:42","date_gmt":"2021-02-27T04:03:42","guid":{"rendered":"https:\/\/whatsappcancun.com\/?p=2469"},"modified":"2021-02-27T04:03:42","modified_gmt":"2021-02-27T04:03:42","slug":"cancun-identifican-31-puntos-de-riesgo-de-incendio-forestal-en-q-roo","status":"publish","type":"post","link":"https:\/\/podernacional.com\/?p=2469","title":{"rendered":"Canc\u00fan: Identifican 31 puntos de riesgo de incendio forestal en Q. Roo"},"content":{"rendered":"<div>\n<div class=\"row m-b-15\">\n<div class=\"col-xs-12 col-sm-12 col-md-12 col-lg-12\">\n<p class=\"introduction\">Los desechos ambientales f\u00e1cilmente pueden convertirse en combustibles en la selva.<\/p>\n<\/div>\n<p>En la \u00faltima semana,\u00a0<strong>31 puntos de calor han sido identificados, principalmente en el centro y sur de Quintana Roo<\/strong>. Los desechos ambientales que f\u00e1cilmente pueden convertirse en combustibles hacen que esas condiciones de calor y sequedad en partes de la entidad sean un tema de preocupaci\u00f3n.<\/p>\n<p>La Comisi\u00f3n Nacional Forestal (Conafor) explica que los puntos de calor son cualquier fuente que emita cierta intensidad de radiaci\u00f3n y sea captado por los sat\u00e9lites, y no necesariamente significa que sean un incendio, pero sirven como sistemas de alerta para ubicar un posible desastre.<\/p>\n<p><strong>Del 17 al 25 de febrero, en Quintana Roo se han detectado 31 distintos puntos<\/strong>, casi en su totalidad en los municipios de Bacalar y Oth\u00f3n P. Blanco. Tambi\u00e9n hay casos en Jos\u00e9 Mar\u00eda Morelos, Felipe Carrillo Puerto y Puerto Morelos, este \u00faltimo en el norte de la entidad.<\/p>\n<div id=\"div-gpt-ad-inread-60384f05adb5ea001315874e\" data-name=\"inread\" data-size=\"[[336,250], [300,250]]\" data-google-query-id=\"CLaE_OOBie8CFVXAhgodmpwPMQ\">\n<div id=\"google_ads_iframe_\/4334274\/inread_8__container__\"><\/div>\n<\/div>\n<p>El monitoreo se realiza a trav\u00e9s del Sistema de Alerta Temprana de Incendios Forestales de la Comisi\u00f3n Nacional para el Conocimiento y Uso de la Biodiversidad (Conabio), que se actualiza diariamente.<\/p>\n<p>Por su parte, el Sistema de Predicci\u00f3n de Peligro de Incendios Forestales de M\u00e9xico, un proyecto de la Conafor y el Consejo Nacional de Ciencia y Tecnolog\u00eda,\u00a0<strong>ubica en el centro y sur la mayor cantidad de puntos de peligro<\/strong>, tomando en cuenta las condiciones meteorol\u00f3gicas.<\/p>\n<p>Pese a que no son, necesariamente incendios, estos casos preocupan a las autoridades forestales por la vegetaci\u00f3n devastada que dejaron a su paso tormentas y huracanes que azotaron el a\u00f1o pasado a la entidad, ya que \u00e9sta se puede convertir en combustible.<\/p>\n<h2>El norte, el principal afectado por tormentas y huracanes<\/h2>\n<p>En 2020, los municipios ubicados en la parte norte de la entidad\u00a0<strong>fueron los m\u00e1s golpeados por tormentas tropicales y huracanes<\/strong>.<\/p>\n<div id=\"div-gpt-ad-inread-2-60384f05adb5ea001315874e\" data-name=\"inread\" data-size=\"[[336,250], [300,250]]\" data-google-query-id=\"CKzl_OOBie8CFWzMhgodMW0I1Q\">\n<div id=\"google_ads_iframe_\/4334274\/inread_9__container__\"><\/div>\n<\/div>\n<p>En los primeros d\u00edas de octubre, Gamma impact\u00f3 con vientos de hasta 110 kil\u00f3metros por hora a Cozumel, Tulum y Solidaridad. A mediados de mismo mes, el hurac\u00e1n Delta lleg\u00f3 a Cozumel, Puerto Morelos y Benito Ju\u00e1rez con una fuerza de hasta 230 kil\u00f3metros por hora.<\/p>\n<p>En tanto, a finales de octubre,\u00a0<strong>Cozumel, Tulum y Solidaridad fueron nuevamente azotados por Zeta<\/strong>, que alcanz\u00f3 vientos de hurac\u00e1n de hasta 175 kil\u00f3metros por hora.<\/p>\n<p>Antes de eso, en junio, la tormenta tropical Crist\u00f3bal afect\u00f3 a los municipios de Bacalar y Oth\u00f3n P. Blanco, principalmente con lluvias, aunque sus vientos tambi\u00e9n alcanzaron hasta 95 kil\u00f3metros por hora.<\/p>\n<div id=\"div-gpt-ad-inread-3-60384f05adb5ea001315874e\" data-name=\"inread\" data-size=\"[[336,250], [300,250]]\" data-google-query-id=\"COv3--OBie8CFXKBWgUdJGIPvg\">\n<div id=\"google_ads_iframe_\/4334274\/inread_10__container__\"><\/div>\n<\/div>\n<p><strong>La interacci\u00f3n de esos fen\u00f3menos con la selva quintanarroense se convierten en un detonante para los incendios forestales<\/strong>, al caerse ramas y \u00e1rboles completos que, al secarse se vuelven f\u00e1cilmente incendiables, explic\u00f3 por su parte Adri\u00e1n Mart\u00ednez Ortega, director de la Coordinaci\u00f3n Estatal de Protecci\u00f3n Civil de Quintana Roo.<\/p>\n<p>\u201cEs un tema preocupante por estar ligado directamente con la posibilidad de incendios forestales, pero por eso nos ocupa. Para ello tambi\u00e9n estamos pidiendo a los municipios, como primeros responsables para atender ese tipo de situaciones, reforzar los esfuerzos con informaci\u00f3n y capacitaci\u00f3n a ejidos y comunidades\u201d, destac\u00f3 el funcionario.<\/p>\n<p>Por su parte, Armida Gonz\u00e1lez Castrej\u00f3n, del Departamento de Restauraci\u00f3n y Protecci\u00f3n de Conafor, inform\u00f3 que despu\u00e9s del paso de un meteoro, personal de la dependencia se dedica a recoger los escombros vegetales y\u00a0<strong>eliminarlos con quemas controladas<\/strong>.<\/p>\n<div id=\"div-gpt-ad-inread-4-60384f05adb5ea001315874e\" data-name=\"inread\" data-size=\"[[336,250], [300,250]]\" data-google-query-id=\"CMuL_OOBie8CFUPJhgodEEwBQA\">\n<div id=\"google_ads_iframe_\/4334274\/inread_11__container__\"><\/div>\n<\/div>\n<p>Recientemente se realizaron trabajos, junto con personal de las direcciones de Protecci\u00f3n Civil, en los municipios de Cozumel, L\u00e1zaro C\u00e1rdenas, Benito Ju\u00e1rez, Puerto Morelos y Solidaridad.<\/p>\n<p>Sin embargo, coment\u00f3 que ante la cantidad masiva de desechos originados por los huracanes, as\u00ed como a las condiciones climatol\u00f3gicas que ocasionan la llegada de frentes fr\u00edos, que secan la vegetaci\u00f3n, y ante la inminente llegada de la temporada de calor,\u00a0<strong>la Conafor lanz\u00f3 una convocatoria con los gobiernos municipales para integrar \u201cuna brigada de compensaci\u00f3n ambiental\u201d<\/strong>.<\/p>\n<p>Las brigadas estar\u00e1n conformadas por 15 elementos, provenientes de los ejidos y personal del gobierno municipal, quienes operar\u00e1n por cuatro meses para apilar combustible y realizar\u00e1n las quemas controladas, con asesores t\u00e9cnicos y el apoyo para el pago de jornales, de herramienta, de arrendamiento de veh\u00edculos y de equipo de protecci\u00f3n.<\/p>\n<p>Detall\u00f3 que\u00a0<strong>se tienen planeado la formaci\u00f3n de seis brigadas de compensaci\u00f3n ambiental<\/strong>, los deber\u00e1n comenzar a operar en abril, para evitar que los desechos vegetales se vuelvan combustible que origine incendios forestales en \u00e9poca de calor.<\/p>\n<\/div>\n<\/div>\n<div class=\"row m-b-25\">\n<div class=\"col-xs-12 col-sm-12 col-md-12 col-lg-12 info-extra-new\"><\/div>\n<\/div>\n","protected":false},"excerpt":{"rendered":"<p>Los desechos ambientales f\u00e1cilmente pueden convertirse en combustibles en la selva. En la \u00faltima semana,\u00a031 puntos de calor han sido identificados, principalmente en el centro y sur de Quintana Roo. Los desechos ambientales que f\u00e1cilmente pueden convertirse en combustibles hacen que esas condiciones de calor y sequedad en partes de la entidad sean un tema [&hellip;]<\/p>\n","protected":false},"author":1,"featured_media":2470,"comment_status":"open","ping_status":"open","sticky":false,"template":"","format":"standard","meta":{"footnotes":""},"categories":[12],"tags":[],"class_list":["post-2469","post","type-post","status-publish","format-standard","has-post-thumbnail","hentry","category-sin-categoria"],"_links":{"self":[{"href":"https:\/\/podernacional.com\/index.php?rest_route=\/wp\/v2\/posts\/2469","targetHints":{"allow":["GET"]}}],"collection":[{"href":"https:\/\/podernacional.com\/index.php?rest_route=\/wp\/v2\/posts"}],"about":[{"href":"https:\/\/podernacional.com\/index.php?rest_route=\/wp\/v2\/types\/post"}],"author":[{"embeddable":true,"href":"https:\/\/podernacional.com\/index.php?rest_route=\/wp\/v2\/users\/1"}],"replies":[{"embeddable":true,"href":"https:\/\/podernacional.com\/index.php?rest_route=%2Fwp%2Fv2%2Fcomments&post=2469"}],"version-history":[{"count":0,"href":"https:\/\/podernacional.com\/index.php?rest_route=\/wp\/v2\/posts\/2469\/revisions"}],"wp:featuredmedia":[{"embeddable":true,"href":"https:\/\/podernacional.com\/index.php?rest_route=\/wp\/v2\/media\/2470"}],"wp:attachment":[{"href":"https:\/\/podernacional.com\/index.php?rest_route=%2Fwp%2Fv2%2Fmedia&parent=2469"}],"wp:term":[{"taxonomy":"category","embeddable":true,"href":"https:\/\/podernacional.com\/index.php?rest_route=%2Fwp%2Fv2%2Fcategories&post=2469"},{"taxonomy":"post_tag","embeddable":true,"href":"https:\/\/podernacional.com\/index.php?rest_route=%2Fwp%2Fv2%2Ftags&post=2469"}],"curies":[{"name":"wp","href":"https:\/\/api.w.org\/{rel}","templated":true}]}}