{"id":24744,"date":"2024-10-14T13:32:08","date_gmt":"2024-10-14T18:32:08","guid":{"rendered":"https:\/\/podernacional.com\/?p=24744"},"modified":"2024-10-14T18:32:10","modified_gmt":"2024-10-14T18:32:10","slug":"lilian-villanueva-encabeza-el-festival-de-cultura-del-caribe-2024-en-quintana-roo","status":"publish","type":"post","link":"https:\/\/podernacional.com\/?p=24744","title":{"rendered":"Lilian Villanueva encabeza el Festival de Cultura del Caribe 2024 en Quintana Roo"},"content":{"rendered":"<p>\ud83d\udd38 La funcionaria ha calificado el evento como un espacio para celebrar y promover la diversidad cultural del Caribe, fortaleciendo la identidad de Quintana Roo a trav\u00e9s de las artes<\/p>\n<p>#QUINTANAROO | Bajo la direcci\u00f3n de Lilian Villanueva, el Instituto de Cultura y Artes de Quintana Roo se llev\u00f3 a cabo el Festival de Cultura del Caribe 2024, que se celebr\u00f3 del 8 al 13 de octubre en el marco del 50 aniversario del estado. Este evento cultural destaca por su rica programaci\u00f3n y la participaci\u00f3n de numerosos artistas.<\/p>\n<p>Entre los invitados, se cont\u00f3 con la actuaci\u00f3n del reconocido artista colombiano Carlos Vives, conocido por su admiraci\u00f3n hacia las culturas de los pueblos originarios.<\/p>\n<p>Villanueva ha enfatizado la importancia de este festival como un espacio para celebrar y promover la diversidad cultural del Caribe, fortaleciendo la identidad de Quintana Roo a trav\u00e9s de las artes.<\/p>\n","protected":false},"excerpt":{"rendered":"<p>\ud83d\udd38 La funcionaria ha calificado el evento como un espacio para celebrar y promover la diversidad cultural del Caribe, fortaleciendo la identidad de Quintana Roo a trav\u00e9s de las artes #QUINTANAROO | Bajo la direcci\u00f3n de Lilian Villanueva, el Instituto de Cultura y Artes de Quintana Roo se llev\u00f3 a cabo el Festival de Cultura [&hellip;]<\/p>\n","protected":false},"author":1,"featured_media":24746,"comment_status":"open","ping_status":"closed","sticky":false,"template":"","format":"standard","meta":{"footnotes":""},"categories":[10],"tags":[],"class_list":["post-24744","post","type-post","status-publish","format-standard","has-post-thumbnail","hentry","category-quintana-roo"],"_links":{"self":[{"href":"https:\/\/podernacional.com\/index.php?rest_route=\/wp\/v2\/posts\/24744","targetHints":{"allow":["GET"]}}],"collection":[{"href":"https:\/\/podernacional.com\/index.php?rest_route=\/wp\/v2\/posts"}],"about":[{"href":"https:\/\/podernacional.com\/index.php?rest_route=\/wp\/v2\/types\/post"}],"author":[{"embeddable":true,"href":"https:\/\/podernacional.com\/index.php?rest_route=\/wp\/v2\/users\/1"}],"replies":[{"embeddable":true,"href":"https:\/\/podernacional.com\/index.php?rest_route=%2Fwp%2Fv2%2Fcomments&post=24744"}],"version-history":[{"count":1,"href":"https:\/\/podernacional.com\/index.php?rest_route=\/wp\/v2\/posts\/24744\/revisions"}],"predecessor-version":[{"id":24745,"href":"https:\/\/podernacional.com\/index.php?rest_route=\/wp\/v2\/posts\/24744\/revisions\/24745"}],"wp:featuredmedia":[{"embeddable":true,"href":"https:\/\/podernacional.com\/index.php?rest_route=\/wp\/v2\/media\/24746"}],"wp:attachment":[{"href":"https:\/\/podernacional.com\/index.php?rest_route=%2Fwp%2Fv2%2Fmedia&parent=24744"}],"wp:term":[{"taxonomy":"category","embeddable":true,"href":"https:\/\/podernacional.com\/index.php?rest_route=%2Fwp%2Fv2%2Fcategories&post=24744"},{"taxonomy":"post_tag","embeddable":true,"href":"https:\/\/podernacional.com\/index.php?rest_route=%2Fwp%2Fv2%2Ftags&post=24744"}],"curies":[{"name":"wp","href":"https:\/\/api.w.org\/{rel}","templated":true}]}}