{"id":24759,"date":"2024-10-15T12:13:19","date_gmt":"2024-10-15T17:13:19","guid":{"rendered":"https:\/\/podernacional.com\/?p=24759"},"modified":"2024-10-15T17:13:21","modified_gmt":"2024-10-15T17:13:21","slug":"tom-hardy-visita-la-arena-mexico-junto-a-venom","status":"publish","type":"post","link":"https:\/\/podernacional.com\/?p=24759","title":{"rendered":"Tom Hardy visita la Arena M\u00e9xico junto a Venom"},"content":{"rendered":"<p>\ud83d\udd38 La pel\u00edcula se estrenar\u00e1 el 24 de octubre y explorar\u00e1 el viaje final de Eddie y Venom en un emocionante contexto de multiverso<\/p>\n<p>#ESPECT\u00c1CULOS | Tom Hardy ha llegado a M\u00e9xico para promocionar su m\u00e1s reciente pel\u00edcula, \u00abVenom: The Last Dance\u00bb. Antes de la alfombra negra del estreno, que se llevar\u00e1 a cabo el 15 de octubre en la Ciudad de M\u00e9xico, el actor brit\u00e1nico y la directora Kelly Marcel visitaron la ic\u00f3nica Arena M\u00e9.<\/p>\n<p>Durante su visita, Hardy tuvo la oportunidad de disfrutar de un emocionante encuentro de lucha libre, donde los luchadores Volador Jr. y Hechicero se enfrentaron, siendo uno de ellos disfrazado como el simbionte de Marvel. La cuenta oficial de Sony Pictures M\u00e9xico comparti\u00f3 fotos del actor sobre el cuadril\u00e1tero, creando un v\u00ednculo especial con la cultura loc.<\/p>\n<p>En \u00abVenom: The Last Dance\u00bb, Hardy regresa como Eddie Brock, quien, junto a su compa\u00f1ero simbionte, enfrenta un nuevo desaf\u00edo mientras intenta escapar de sus enemigos. La pel\u00edcula tambi\u00e9n explora el concepto de multiverso, sugiriendo que una futura aventura cinematogr\u00e1fica podr\u00eda incluir encuentros con otros personajes del Universo Cinematogr\u00e1fico de Marvel, como Spider-Man, interpretado por Tom Holland.<\/p>\n<p>\u00abVenom: The Last Dance\u00bb se estrenar\u00e1 en cines mexicanos el pr\u00f3ximo 24 de octubre, prometiendo una experiencia emocionante para los fan\u00e1ticos del antih\u00e9roe.<\/p>\n<p>&nbsp;<\/p>\n","protected":false},"excerpt":{"rendered":"<p>\ud83d\udd38 La pel\u00edcula se estrenar\u00e1 el 24 de octubre y explorar\u00e1 el viaje final de Eddie y Venom en un emocionante contexto de multiverso #ESPECT\u00c1CULOS | Tom Hardy ha llegado a M\u00e9xico para promocionar su m\u00e1s reciente pel\u00edcula, \u00abVenom: The Last Dance\u00bb. Antes de la alfombra negra del estreno, que se llevar\u00e1 a cabo el [&hellip;]<\/p>\n","protected":false},"author":1,"featured_media":24761,"comment_status":"open","ping_status":"closed","sticky":false,"template":"","format":"standard","meta":{"footnotes":""},"categories":[4],"tags":[],"class_list":["post-24759","post","type-post","status-publish","format-standard","has-post-thumbnail","hentry","category-espectaculos"],"_links":{"self":[{"href":"https:\/\/podernacional.com\/index.php?rest_route=\/wp\/v2\/posts\/24759","targetHints":{"allow":["GET"]}}],"collection":[{"href":"https:\/\/podernacional.com\/index.php?rest_route=\/wp\/v2\/posts"}],"about":[{"href":"https:\/\/podernacional.com\/index.php?rest_route=\/wp\/v2\/types\/post"}],"author":[{"embeddable":true,"href":"https:\/\/podernacional.com\/index.php?rest_route=\/wp\/v2\/users\/1"}],"replies":[{"embeddable":true,"href":"https:\/\/podernacional.com\/index.php?rest_route=%2Fwp%2Fv2%2Fcomments&post=24759"}],"version-history":[{"count":1,"href":"https:\/\/podernacional.com\/index.php?rest_route=\/wp\/v2\/posts\/24759\/revisions"}],"predecessor-version":[{"id":24760,"href":"https:\/\/podernacional.com\/index.php?rest_route=\/wp\/v2\/posts\/24759\/revisions\/24760"}],"wp:featuredmedia":[{"embeddable":true,"href":"https:\/\/podernacional.com\/index.php?rest_route=\/wp\/v2\/media\/24761"}],"wp:attachment":[{"href":"https:\/\/podernacional.com\/index.php?rest_route=%2Fwp%2Fv2%2Fmedia&parent=24759"}],"wp:term":[{"taxonomy":"category","embeddable":true,"href":"https:\/\/podernacional.com\/index.php?rest_route=%2Fwp%2Fv2%2Fcategories&post=24759"},{"taxonomy":"post_tag","embeddable":true,"href":"https:\/\/podernacional.com\/index.php?rest_route=%2Fwp%2Fv2%2Ftags&post=24759"}],"curies":[{"name":"wp","href":"https:\/\/api.w.org\/{rel}","templated":true}]}}