{"id":2476,"date":"2021-02-28T01:31:58","date_gmt":"2021-02-28T01:31:58","guid":{"rendered":"https:\/\/whatsappcancun.com\/?p=2476"},"modified":"2021-02-28T01:31:58","modified_gmt":"2021-02-28T01:31:58","slug":"llego-el-calor-a-quintana-roo-clima-de-hoy-27-de-febrero","status":"publish","type":"post","link":"https:\/\/podernacional.com\/?p=2476","title":{"rendered":"Lleg\u00f3 el calor a Quintana Roo; clima de hoy 27 de febrero"},"content":{"rendered":"<p>Hoy, la\u00a0<strong>l\u00ednea seca<\/strong>\u00a0se extender\u00e1 en el norte de M\u00e9xico e interaccionar\u00e1 con la\u00a0<strong>corriente en chorro subtropical<\/strong>, originando fuertes rachas de viento con tolvaneras y lluvias aisladas en dicha regi\u00f3n.<\/p>\n<p>Por otro lado, un\u00a0<strong>canal de baja presi\u00f3n\u00a0<\/strong>en el sureste de M\u00e9xico y la entrada de humedad del<strong>\u00a0Mar Caribe ocasionar\u00e1n lluvias aisladas en dicha regi\u00f3n y en la Pen\u00ednsula de Yucat\u00e1n.<\/strong><\/p>\n<p>&nbsp;<\/p>\n<p>Un\u00a0<strong>sistema de alta presi\u00f3n\u00a0<\/strong>en niveles medios de la atm\u00f3sfera continuar\u00e1 generando una\u00a0<strong>onda de calor<\/strong>,\u00a0con ambiente caluroso a muy caluroso sobre el occidente, centro y sur del pa\u00eds, adem\u00e1s de baja probabilidad de lluvias en dichas regiones.<\/p>\n<p><strong>En la pen\u00ednsula de Yucat\u00e1n\u00a0<\/strong>el cielo medio nublado con lluvias aisladas en Campeche y Quintana Roo.\u00a0<strong>Ambiente caluroso durante el d\u00eda<\/strong>. Viento del este y sureste de 20 a 35 km\/h, adem\u00e1s de rachas de 50 a 60 km\/h en la regi\u00f3n.<\/p>\n<div class=\"twitter-tweet twitter-tweet-rendered\"><iframe id=\"twitter-widget-2\" class=\"\" title=\"Twitter Tweet\" src=\"https:\/\/platform.twitter.com\/embed\/Tweet.html?creatorScreenName=24horasqroo&amp;dnt=false&amp;embedId=twitter-widget-2&amp;frame=false&amp;hideCard=false&amp;hideThread=false&amp;id=1365635247593848838&amp;lang=es&amp;origin=https%3A%2F%2Fwww.24horasqroo.mx%2Fnacional%2Fprecandidatos-omiten-reportar-fiscalizacion-ine-podria-quitarles-registro%2F&amp;siteScreenName=24horasqroo&amp;theme=light&amp;widgetsVersion=889aa01%3A1612811843556&amp;width=550px\" frameborder=\"0\" scrolling=\"no\" allowfullscreen=\"allowfullscreen\" data-tweet-id=\"1365635247593848838\" data-mce-fragment=\"1\"><\/iframe><\/div>\n<footer class=\"article-tags entry-footer\"><\/footer>\n","protected":false},"excerpt":{"rendered":"<p>Hoy, la\u00a0l\u00ednea seca\u00a0se extender\u00e1 en el norte de M\u00e9xico e interaccionar\u00e1 con la\u00a0corriente en chorro subtropical, originando fuertes rachas de viento con tolvaneras y lluvias aisladas en dicha regi\u00f3n. Por otro lado, un\u00a0canal de baja presi\u00f3n\u00a0en el sureste de M\u00e9xico y la entrada de humedad del\u00a0Mar Caribe ocasionar\u00e1n lluvias aisladas en dicha regi\u00f3n y en [&hellip;]<\/p>\n","protected":false},"author":1,"featured_media":2477,"comment_status":"open","ping_status":"open","sticky":false,"template":"","format":"standard","meta":{"footnotes":""},"categories":[6],"tags":[],"class_list":["post-2476","post","type-post","status-publish","format-standard","has-post-thumbnail","hentry","category-local"],"_links":{"self":[{"href":"https:\/\/podernacional.com\/index.php?rest_route=\/wp\/v2\/posts\/2476","targetHints":{"allow":["GET"]}}],"collection":[{"href":"https:\/\/podernacional.com\/index.php?rest_route=\/wp\/v2\/posts"}],"about":[{"href":"https:\/\/podernacional.com\/index.php?rest_route=\/wp\/v2\/types\/post"}],"author":[{"embeddable":true,"href":"https:\/\/podernacional.com\/index.php?rest_route=\/wp\/v2\/users\/1"}],"replies":[{"embeddable":true,"href":"https:\/\/podernacional.com\/index.php?rest_route=%2Fwp%2Fv2%2Fcomments&post=2476"}],"version-history":[{"count":0,"href":"https:\/\/podernacional.com\/index.php?rest_route=\/wp\/v2\/posts\/2476\/revisions"}],"wp:featuredmedia":[{"embeddable":true,"href":"https:\/\/podernacional.com\/index.php?rest_route=\/wp\/v2\/media\/2477"}],"wp:attachment":[{"href":"https:\/\/podernacional.com\/index.php?rest_route=%2Fwp%2Fv2%2Fmedia&parent=2476"}],"wp:term":[{"taxonomy":"category","embeddable":true,"href":"https:\/\/podernacional.com\/index.php?rest_route=%2Fwp%2Fv2%2Fcategories&post=2476"},{"taxonomy":"post_tag","embeddable":true,"href":"https:\/\/podernacional.com\/index.php?rest_route=%2Fwp%2Fv2%2Ftags&post=2476"}],"curies":[{"name":"wp","href":"https:\/\/api.w.org\/{rel}","templated":true}]}}