{"id":24765,"date":"2024-10-15T12:20:42","date_gmt":"2024-10-15T17:20:42","guid":{"rendered":"https:\/\/podernacional.com\/?p=24765"},"modified":"2024-10-15T17:20:44","modified_gmt":"2024-10-15T17:20:44","slug":"kompayaso-se-encuentra-en-coma-inducido-segun-informo-un-familiar","status":"publish","type":"post","link":"https:\/\/podernacional.com\/?p=24765","title":{"rendered":"Kompayaso se encuentra en coma inducido, seg\u00fan inform\u00f3 un familiar"},"content":{"rendered":"<p>\ud83d\udd38 El comediante fue hospitalizado debido a una complicaci\u00f3n cerebrovascular<\/p>\n<p>#ESPECT\u00c1CULOS | El 13 de octubre, se inform\u00f3 que Eleazar del Valle, conocido como &#8216;el Kompayaso&#8217;, fue hospitalizado de emergencia en estado \u00abgrave\u00bb debido a un evento cerebrovascular. Actualmente, el comediante mexicano-estadounidense se encuentra en coma inducido mientras los m\u00e9dicos realizan estudios para determinar la causa de su condici\u00f3n.<\/p>\n<p>En el programa \u00abDe primera mano\u00bb de Imagen Televisi\u00f3n, Ximena Santamar\u00eda, sobrina del comediante Kompa Yaso, habl\u00f3 sobre su estado de salud.<\/p>\n<p>\u00abEst\u00e1 delicado, al parecer tuvo un evento cerebrovascular. Ahorita, \u00e9l est\u00e1 intubado, est\u00e1 sedado y estamos esperando a que no haya un da\u00f1o cerebral. Tiene un coma inducido y dos medicamentos que lo tienen dormido ahorita. Lo que esperamos es que se le puedan ir retirando y ver c\u00f3mo despierta.\u00bb. Inform\u00f3 Ximena.<\/p>\n<p>Se desconoce si el comediante Kompa Yaso sufri\u00f3 un derrame o un infarto cerebral. Su sobrina, Ximena Santamar\u00eda, relat\u00f3 que el pasado viernes, su madre escuch\u00f3 un golpe en la habitaci\u00f3n del comediante y al entrar lo encontr\u00f3 inconsciente.<\/p>\n<p>\u00abNo sabemos bien su origen, pudo haber sido un derrame o un infarto cerebral, no sabemos bien qu\u00e9 fue, pero fue alguno de los dos y que lo llev\u00f3 a esto.\u00bb<\/p>\n<p>&nbsp;<\/p>\n<p>\u00abLleg\u00f3 la ambulancia, se lo llevaron r\u00e1pido al hospital, lo intubaron y lo mantuvieron sedado para ver c\u00f3mo responde.\u00bb<\/p>\n<p>El comediante Eleazar del Valle, de 54 a\u00f1os, padece insuficiencia renal, lo cual, aparentemente, ha contribuido a la ocurrencia de un derrame cerebral o infarto cerebral.<\/p>\n<p>\u00ab\u00c9l tiene una enfermedad renal cr\u00f3nica, est\u00e1 en hemodi\u00e1lisis y, por lo mismo, tiene la presi\u00f3n alta. Puede que haya influido tener la presi\u00f3n alta con todo esto.\u00bb<\/p>\n<p>La sobrina del c\u00f3mico indic\u00f3 que, debido a las hemodi\u00e1lisis que recibe, \u00e9l sufre de presi\u00f3n alta, lo cual podr\u00eda haber contribuido a su \u00abevento cerebrovascular\u00bb.<\/p>\n<p>\u201cEl pron\u00f3stico que nos dan es reservado. No sabemos c\u00f3mo va a despertar. No sabemos si va a tener un da\u00f1o cerebral. No saben qu\u00e9 esperar cuando le quiten los medicamentos. Ahorita, lo que han dicho los m\u00e9dicos es que ya le van a retirar los medicamentos\u201d.<\/p>\n","protected":false},"excerpt":{"rendered":"<p>\ud83d\udd38 El comediante fue hospitalizado debido a una complicaci\u00f3n cerebrovascular #ESPECT\u00c1CULOS | El 13 de octubre, se inform\u00f3 que Eleazar del Valle, conocido como &#8216;el Kompayaso&#8217;, fue hospitalizado de emergencia en estado \u00abgrave\u00bb debido a un evento cerebrovascular. Actualmente, el comediante mexicano-estadounidense se encuentra en coma inducido mientras los m\u00e9dicos realizan estudios para determinar la [&hellip;]<\/p>\n","protected":false},"author":1,"featured_media":24767,"comment_status":"open","ping_status":"closed","sticky":false,"template":"","format":"standard","meta":{"footnotes":""},"categories":[4],"tags":[],"class_list":["post-24765","post","type-post","status-publish","format-standard","has-post-thumbnail","hentry","category-espectaculos"],"_links":{"self":[{"href":"https:\/\/podernacional.com\/index.php?rest_route=\/wp\/v2\/posts\/24765","targetHints":{"allow":["GET"]}}],"collection":[{"href":"https:\/\/podernacional.com\/index.php?rest_route=\/wp\/v2\/posts"}],"about":[{"href":"https:\/\/podernacional.com\/index.php?rest_route=\/wp\/v2\/types\/post"}],"author":[{"embeddable":true,"href":"https:\/\/podernacional.com\/index.php?rest_route=\/wp\/v2\/users\/1"}],"replies":[{"embeddable":true,"href":"https:\/\/podernacional.com\/index.php?rest_route=%2Fwp%2Fv2%2Fcomments&post=24765"}],"version-history":[{"count":1,"href":"https:\/\/podernacional.com\/index.php?rest_route=\/wp\/v2\/posts\/24765\/revisions"}],"predecessor-version":[{"id":24766,"href":"https:\/\/podernacional.com\/index.php?rest_route=\/wp\/v2\/posts\/24765\/revisions\/24766"}],"wp:featuredmedia":[{"embeddable":true,"href":"https:\/\/podernacional.com\/index.php?rest_route=\/wp\/v2\/media\/24767"}],"wp:attachment":[{"href":"https:\/\/podernacional.com\/index.php?rest_route=%2Fwp%2Fv2%2Fmedia&parent=24765"}],"wp:term":[{"taxonomy":"category","embeddable":true,"href":"https:\/\/podernacional.com\/index.php?rest_route=%2Fwp%2Fv2%2Fcategories&post=24765"},{"taxonomy":"post_tag","embeddable":true,"href":"https:\/\/podernacional.com\/index.php?rest_route=%2Fwp%2Fv2%2Ftags&post=24765"}],"curies":[{"name":"wp","href":"https:\/\/api.w.org\/{rel}","templated":true}]}}