{"id":2482,"date":"2021-02-28T01:35:29","date_gmt":"2021-02-28T01:35:29","guid":{"rendered":"https:\/\/whatsappcancun.com\/?p=2482"},"modified":"2021-02-28T01:35:29","modified_gmt":"2021-02-28T01:35:29","slug":"ningun-estado-en-color-rojo-en-el-semaforo-epidemiologico-de-mexico","status":"publish","type":"post","link":"https:\/\/podernacional.com\/?p=2482","title":{"rendered":"Ning\u00fan estado en color rojo en el sem\u00e1foro epidemiol\u00f3gico de M\u00e9xico"},"content":{"rendered":"<p class=\"paragraph\" data-count=\"209\" data-wrap=\"38\"><strong>M\u00c9XICO.-<\/strong>\u00a0La\u00a0<strong>Secretar\u00eda de Salud\u00a0<\/strong>inform\u00f3 este viernes que el sem\u00e1foro de riesgo epid\u00e9mico por COVID-19 tendr\u00e1 20 entidades en amarillo, 10 en naranja, 2 en verde y ning\u00fan estado en rojo, que es el nivel de mayor riesgo.<\/p>\n<p data-count=\"209\" data-wrap=\"38\"><strong>PODR\u00cdA INTERESARTE:\u00a0<a href=\"https:\/\/www.24horasqroo.mx\/nacional\/hasta-hoy-se-han-vacunado-a-mas-de-131-mil-trabajadores-de-la-salud-sheinbaum-video\/\">Hasta hoy se han vacunado a m\u00e1s de 131 mil trabajadores de la salud: Sheinbaum (+video)<\/a><\/strong><\/p>\n<p class=\"paragraph\" data-count=\"97\" data-wrap=\"19\">Este sem\u00e1foro epidemiol\u00f3gico estar\u00e1 vigente a partir del 1 de marzo y hasta el 14 del mismo mes.<\/p>\n<p data-count=\"97\" data-wrap=\"19\">Los Estados de\u00a0<strong><span class=\"link-complex-target\">Chiapas<\/span>\u00a0y\u00a0<span class=\"link-complex-target\">Campeche<\/span><\/strong>\u00a0regresan a sem\u00e1foro verde y muchos otros a color amarillo, as\u00ed como Quintana Roo.<\/p>\n<p data-count=\"97\" data-wrap=\"19\"><span class=\"link-complex-target\">CDMX<\/span>\u00a0es la \u00fanica entidad que mantiene una ocupaci\u00f3n de camas\u00a0<span class=\"link-complex-target\">COVID- 19<\/span>\u00a0superior al 50%.<\/p>\n<p data-count=\"97\" data-wrap=\"19\">La semana epidemiol\u00f3gica 6 cierra con un disminuci\u00f3n del 22% en el n\u00famero de casos\u00a0<span class=\"link-complex-target\">Covid-19<\/span>\u00a0estimados. Los recuperados:\u00a0<strong>1, 625, 328, Vacunados: 562, 311 Decesos: 184, 474 y casos Activos: 51, 983<\/strong><\/p>\n<figure class=\"thb-pin-it-container aligncenter\"><img loading=\"lazy\" decoding=\"async\" class=\"size-full wp-image-111263 thb-pinned\" src=\"https:\/\/www.24horasqroo.mx\/wp-content\/uploads\/2021\/02\/EvMfxZ9WgAEXuTk.png\" sizes=\"auto, (max-width: 757px) 100vw, 757px\" srcset=\"https:\/\/www.24horasqroo.mx\/wp-content\/uploads\/2021\/02\/EvMfxZ9WgAEXuTk.png 757w, https:\/\/www.24horasqroo.mx\/wp-content\/uploads\/2021\/02\/EvMfxZ9WgAEXuTk-300x166.png 300w, https:\/\/www.24horasqroo.mx\/wp-content\/uploads\/2021\/02\/EvMfxZ9WgAEXuTk-450x248.png 450w, https:\/\/www.24horasqroo.mx\/wp-content\/uploads\/2021\/02\/EvMfxZ9WgAEXuTk-20x11.png 20w, https:\/\/www.24horasqroo.mx\/wp-content\/uploads\/2021\/02\/EvMfxZ9WgAEXuTk-225x124.png 225w, https:\/\/www.24horasqroo.mx\/wp-content\/uploads\/2021\/02\/EvMfxZ9WgAEXuTk-174x96.png 174w\" alt=\"\" width=\"757\" height=\"418\" \/><i class=\"fa fa-pinterest\"><\/i><\/figure>\n<footer class=\"article-tags entry-footer\"><\/footer>\n","protected":false},"excerpt":{"rendered":"<p>M\u00c9XICO.-\u00a0La\u00a0Secretar\u00eda de Salud\u00a0inform\u00f3 este viernes que el sem\u00e1foro de riesgo epid\u00e9mico por COVID-19 tendr\u00e1 20 entidades en amarillo, 10 en naranja, 2 en verde y ning\u00fan estado en rojo, que es el nivel de mayor riesgo. PODR\u00cdA INTERESARTE:\u00a0Hasta hoy se han vacunado a m\u00e1s de 131 mil trabajadores de la salud: Sheinbaum (+video) Este sem\u00e1foro [&hellip;]<\/p>\n","protected":false},"author":1,"featured_media":2483,"comment_status":"open","ping_status":"open","sticky":false,"template":"","format":"standard","meta":{"footnotes":""},"categories":[7],"tags":[],"class_list":["post-2482","post","type-post","status-publish","format-standard","has-post-thumbnail","hentry","category-nacional"],"_links":{"self":[{"href":"https:\/\/podernacional.com\/index.php?rest_route=\/wp\/v2\/posts\/2482","targetHints":{"allow":["GET"]}}],"collection":[{"href":"https:\/\/podernacional.com\/index.php?rest_route=\/wp\/v2\/posts"}],"about":[{"href":"https:\/\/podernacional.com\/index.php?rest_route=\/wp\/v2\/types\/post"}],"author":[{"embeddable":true,"href":"https:\/\/podernacional.com\/index.php?rest_route=\/wp\/v2\/users\/1"}],"replies":[{"embeddable":true,"href":"https:\/\/podernacional.com\/index.php?rest_route=%2Fwp%2Fv2%2Fcomments&post=2482"}],"version-history":[{"count":0,"href":"https:\/\/podernacional.com\/index.php?rest_route=\/wp\/v2\/posts\/2482\/revisions"}],"wp:featuredmedia":[{"embeddable":true,"href":"https:\/\/podernacional.com\/index.php?rest_route=\/wp\/v2\/media\/2483"}],"wp:attachment":[{"href":"https:\/\/podernacional.com\/index.php?rest_route=%2Fwp%2Fv2%2Fmedia&parent=2482"}],"wp:term":[{"taxonomy":"category","embeddable":true,"href":"https:\/\/podernacional.com\/index.php?rest_route=%2Fwp%2Fv2%2Fcategories&post=2482"},{"taxonomy":"post_tag","embeddable":true,"href":"https:\/\/podernacional.com\/index.php?rest_route=%2Fwp%2Fv2%2Ftags&post=2482"}],"curies":[{"name":"wp","href":"https:\/\/api.w.org\/{rel}","templated":true}]}}