{"id":24937,"date":"2024-10-23T12:31:07","date_gmt":"2024-10-23T17:31:07","guid":{"rendered":"https:\/\/podernacional.com\/?p=24937"},"modified":"2024-10-23T17:31:09","modified_gmt":"2024-10-23T17:31:09","slug":"grandes-ligas-realizaran-homenaje-a-fernando-toro-valenzuela-en-primer-juego-de-serie-mundial","status":"publish","type":"post","link":"https:\/\/podernacional.com\/?p=24937","title":{"rendered":"Grandes Ligas realizar\u00e1n homenaje a Fernando &#8216;Toro&#8217; Valenzuela en primer juego de Serie Mundial"},"content":{"rendered":"<p>\ud83d\udd38 El legendario pitcher mexicano falleci\u00f3 a los 63 a\u00f1os y dej\u00f3 un legado imborrable en el beisbol<\/p>\n<p>#DEPORTES | Fernando Valenzuela fue un icono en las Grandes Ligas con los Dodgers, adem\u00e1s de ser un s\u00edmbolo para la comunidad hispana en Los \u00c1ngeles, gracias a su movimiento, la &#8216;Fernandoman\u00eda&#8217;.<\/p>\n<p>Ante la noticia del sensible fallecimiento del pitcher mexicano, la MLB le realizar\u00e1 un homenaje durante la Serie Mundial en el Dodger Stadium, as\u00ed lo anunciaron en redes sociales.<\/p>\n<p>\u201cHonraremos la memoria de Fernando durante la Serie Mundial 2024 en el Dodger Stadium. En nombre de la MLB, extiendo mis condolencias a la familia de Fernando, los Dodgers, sus amigos en el deporte y a todos los aficionados incondicionales en M\u00e9xico\u201d, expres\u00f3 el Comisionado de Beisbol, Robert D. Manfred Jr.<\/p>\n<p>\u2018El Toro\u2019 Valenzuela disput\u00f3 la \u00faltima Serie Mundial entre Yankees y Dodgers en 1981, en la cual fue pieza fundamental y logr\u00f3 coronarse con la novena de Los \u00c1ngeles.<\/p>\n<p>Robert D. Manfred Jr., Comisionado de Beisbol de las Grandes Ligas, resumi\u00f3 lo que signific\u00f3 Valenzuela para el \u2018Rey de los Deportes\u2019 y asegur\u00f3 que fue uno de los jugadores m\u00e1s importantes de su generaci\u00f3n.<\/p>\n<p>\u201cFernando Valenzuela fue uno de los jugadores con m\u00e1s impacto de su generaci\u00f3n. Con su distintivo estilo de pitcheo, su temporada de novato gener\u00f3 mucha emoci\u00f3n en Estados Unidos y en M\u00e9xico que se convirti\u00f3 en la com\u00fanmente referida, \u2018Fernandoman\u00eda\u201d, expres\u00f3 Manfred Jr.<\/p>\n<p>\u201cFernando fue un sobresaliente embajador para el beisbol. Como miembro del equipo de transmisi\u00f3n de los Dodgers por m\u00e1s de 20 a\u00f1os, Fernando ayud\u00f3 a alcanzar una nueva generaci\u00f3n de fans y cultivar el amor por el deporte. Fernando permanecer\u00e1 como una figura en la historia de los Dodgers y una fuente especial de orgullo para los millones de aficionados latinos que inspir\u00f3\u201d, agreg\u00f3.<\/p>\n","protected":false},"excerpt":{"rendered":"<p>\ud83d\udd38 El legendario pitcher mexicano falleci\u00f3 a los 63 a\u00f1os y dej\u00f3 un legado imborrable en el beisbol #DEPORTES | Fernando Valenzuela fue un icono en las Grandes Ligas con los Dodgers, adem\u00e1s de ser un s\u00edmbolo para la comunidad hispana en Los \u00c1ngeles, gracias a su movimiento, la &#8216;Fernandoman\u00eda&#8217;. Ante la noticia del sensible [&hellip;]<\/p>\n","protected":false},"author":1,"featured_media":24939,"comment_status":"open","ping_status":"closed","sticky":false,"template":"","format":"standard","meta":{"footnotes":""},"categories":[3],"tags":[],"class_list":["post-24937","post","type-post","status-publish","format-standard","has-post-thumbnail","hentry","category-deportes"],"_links":{"self":[{"href":"https:\/\/podernacional.com\/index.php?rest_route=\/wp\/v2\/posts\/24937","targetHints":{"allow":["GET"]}}],"collection":[{"href":"https:\/\/podernacional.com\/index.php?rest_route=\/wp\/v2\/posts"}],"about":[{"href":"https:\/\/podernacional.com\/index.php?rest_route=\/wp\/v2\/types\/post"}],"author":[{"embeddable":true,"href":"https:\/\/podernacional.com\/index.php?rest_route=\/wp\/v2\/users\/1"}],"replies":[{"embeddable":true,"href":"https:\/\/podernacional.com\/index.php?rest_route=%2Fwp%2Fv2%2Fcomments&post=24937"}],"version-history":[{"count":1,"href":"https:\/\/podernacional.com\/index.php?rest_route=\/wp\/v2\/posts\/24937\/revisions"}],"predecessor-version":[{"id":24938,"href":"https:\/\/podernacional.com\/index.php?rest_route=\/wp\/v2\/posts\/24937\/revisions\/24938"}],"wp:featuredmedia":[{"embeddable":true,"href":"https:\/\/podernacional.com\/index.php?rest_route=\/wp\/v2\/media\/24939"}],"wp:attachment":[{"href":"https:\/\/podernacional.com\/index.php?rest_route=%2Fwp%2Fv2%2Fmedia&parent=24937"}],"wp:term":[{"taxonomy":"category","embeddable":true,"href":"https:\/\/podernacional.com\/index.php?rest_route=%2Fwp%2Fv2%2Fcategories&post=24937"},{"taxonomy":"post_tag","embeddable":true,"href":"https:\/\/podernacional.com\/index.php?rest_route=%2Fwp%2Fv2%2Ftags&post=24937"}],"curies":[{"name":"wp","href":"https:\/\/api.w.org\/{rel}","templated":true}]}}