{"id":24952,"date":"2024-10-24T12:38:36","date_gmt":"2024-10-24T17:38:36","guid":{"rendered":"https:\/\/podernacional.com\/?p=24952"},"modified":"2024-10-24T17:38:38","modified_gmt":"2024-10-24T17:38:38","slug":"gerardo-vargas-landeros-inaugura-la-construccion-de-la-unidad-deportiva-para-maestros-del-snte","status":"publish","type":"post","link":"https:\/\/podernacional.com\/?p=24952","title":{"rendered":"Gerardo Vargas Landeros inaugura la construcci\u00f3n de la Unidad Deportiva para maestros del SNTE"},"content":{"rendered":"<p>\ud83d\udd38 Este proyecto, que se concret\u00f3 despu\u00e9s de 36 a\u00f1os de esfuerzos y luchas por parte de los docentes, representa un sue\u00f1o hecho realidad<\/p>\n<p>#SINALOA | En un acto que marca un hito para la comunidad educativa, el presidente municipal de Ahome, Gerardo Vargas Landeros, celebr\u00f3 el inicio de la construcci\u00f3n de la esperada Unidad Deportiva para los maestros del Sindicato Nacional de Trabajadores de la Educaci\u00f3n (SNTE) 53. Este proyecto, que se concret\u00f3 despu\u00e9s de 36 a\u00f1os de esfuerzos y luchas por parte de los docentes, representa un sue\u00f1o hecho realidad.<\/p>\n<p>Durante su discurso, Vargas Landeros expres\u00f3 su alegr\u00eda por el logro y reconoci\u00f3 la importancia de esta instalaci\u00f3n para el desarrollo integral de los maestros. \u201cHoy se inicia un proyecto que marca un antes y un despu\u00e9s en nuestra comunidad. Muchas felicidades, amig@s del Magisterio. Cumplimos nuestro compromiso de donarles el espacio, les agradezco la confianza\u201d, destac\u00f3.<\/p>\n<p>La nueva Unidad Deportiva est\u00e1 dise\u00f1ada para fomentar la actividad f\u00edsica y el bienestar entre los docentes, fortaleciendo as\u00ed la uni\u00f3n y el compromiso del magisterio en Ahome. Con este proyecto, la administraci\u00f3n de Vargas Landeros busca no solo beneficiar a los maestros, sino tambi\u00e9n impulsar el deporte en la comunidad.<\/p>\n","protected":false},"excerpt":{"rendered":"<p>\ud83d\udd38 Este proyecto, que se concret\u00f3 despu\u00e9s de 36 a\u00f1os de esfuerzos y luchas por parte de los docentes, representa un sue\u00f1o hecho realidad #SINALOA | En un acto que marca un hito para la comunidad educativa, el presidente municipal de Ahome, Gerardo Vargas Landeros, celebr\u00f3 el inicio de la construcci\u00f3n de la esperada Unidad [&hellip;]<\/p>\n","protected":false},"author":1,"featured_media":24954,"comment_status":"open","ping_status":"closed","sticky":false,"template":"","format":"standard","meta":{"footnotes":""},"categories":[155],"tags":[],"class_list":["post-24952","post","type-post","status-publish","format-standard","has-post-thumbnail","hentry","category-sinaloa"],"_links":{"self":[{"href":"https:\/\/podernacional.com\/index.php?rest_route=\/wp\/v2\/posts\/24952","targetHints":{"allow":["GET"]}}],"collection":[{"href":"https:\/\/podernacional.com\/index.php?rest_route=\/wp\/v2\/posts"}],"about":[{"href":"https:\/\/podernacional.com\/index.php?rest_route=\/wp\/v2\/types\/post"}],"author":[{"embeddable":true,"href":"https:\/\/podernacional.com\/index.php?rest_route=\/wp\/v2\/users\/1"}],"replies":[{"embeddable":true,"href":"https:\/\/podernacional.com\/index.php?rest_route=%2Fwp%2Fv2%2Fcomments&post=24952"}],"version-history":[{"count":1,"href":"https:\/\/podernacional.com\/index.php?rest_route=\/wp\/v2\/posts\/24952\/revisions"}],"predecessor-version":[{"id":24953,"href":"https:\/\/podernacional.com\/index.php?rest_route=\/wp\/v2\/posts\/24952\/revisions\/24953"}],"wp:featuredmedia":[{"embeddable":true,"href":"https:\/\/podernacional.com\/index.php?rest_route=\/wp\/v2\/media\/24954"}],"wp:attachment":[{"href":"https:\/\/podernacional.com\/index.php?rest_route=%2Fwp%2Fv2%2Fmedia&parent=24952"}],"wp:term":[{"taxonomy":"category","embeddable":true,"href":"https:\/\/podernacional.com\/index.php?rest_route=%2Fwp%2Fv2%2Fcategories&post=24952"},{"taxonomy":"post_tag","embeddable":true,"href":"https:\/\/podernacional.com\/index.php?rest_route=%2Fwp%2Fv2%2Ftags&post=24952"}],"curies":[{"name":"wp","href":"https:\/\/api.w.org\/{rel}","templated":true}]}}