{"id":24961,"date":"2024-10-24T13:29:54","date_gmt":"2024-10-24T18:29:54","guid":{"rendered":"https:\/\/podernacional.com\/?p=24961"},"modified":"2024-10-24T18:29:56","modified_gmt":"2024-10-24T18:29:56","slug":"tuneles-subterraneos-de-campeche-misterio-bajo-las-calles-del-centro-historico","status":"publish","type":"post","link":"https:\/\/podernacional.com\/?p=24961","title":{"rendered":"T\u00faneles subterr\u00e1neos de Campeche: misterio bajo las calles del Centro Hist\u00f3rico"},"content":{"rendered":"<p>\ud83d\udd38 Mientras algunos ancianos de la ciudad aseguran haber explorado estos pasadizos en su juventud, el misterio persiste, alimentando la fascinaci\u00f3n en torno a esta leyenda que sigue viva en la memoria colectiva.<\/p>\n<p>#CAMPECHE Los rumores sobre la existencia de t\u00faneles subterr\u00e1neos en el Centro Hist\u00f3rico de Campeche han perdurado durante siglos, avivando la curiosidad de locales y visitantes por igual. Seg\u00fan las leyendas, estos pasadizos ocultos pudieron haber servido como v\u00edas de escape durante las invasiones piratas, aprovechando la geolog\u00eda horadada de la Pen\u00ednsula de Yucat\u00e1n.<\/p>\n<p>Uno de los primeros en mencionar estos t\u00faneles fue el viajero franc\u00e9s Frederick Waldeck, quien en 1834 afirm\u00f3 que la ciudad de Campeche descansaba sobre una red de subterr\u00e1neos excavados por los mayas. Sin embargo, algunos historiadores sugieren que esta conexi\u00f3n con los mayas podr\u00eda relacionarse m\u00e1s con el uso de los bancos de sascab, un material empleado en la construcci\u00f3n de los edificios coloniales.<\/p>\n<p>A lo largo de los a\u00f1os, diversos testimonios han mantenido viva la creencia en estos misteriosos t\u00faneles. Entre ellos, relatos de desplomes en las calles durante 1910 y 1911 revelaron restos humanos y objetos de cer\u00e1mica. Adem\u00e1s, se documentaron colapsos en 1869 debido a las inundaciones, los cuales se atribuyeron a estructuras construidas sobre columnas rocosas.<\/p>\n<p>El historiador Manuel Arcadio Lanz tambi\u00e9n aport\u00f3 a la leyenda, afirmando que durante un ataque pirata en 1686, los habitantes de Campeche se refugiaron en la catedral, desde donde se dec\u00eda que part\u00eda un t\u00fanel hacia el cerro de la Eminencia. En 1940, al celebrarse el cuarto centenario de la ciudad, se realizaron excavaciones en el baluarte de San Carlos, pero no se encontraron pruebas concluyentes de la existencia de los t\u00faneles.<\/p>\n<p>A pesar de los esfuerzos por descubrir la verdad, el enigma de los t\u00faneles subterr\u00e1neos de Campeche sigue sin resolverse. Mientras algunos ancianos de la ciudad aseguran haber explorado estos pasadizos en su juventud, el misterio persiste, alimentando la fascinaci\u00f3n en torno a esta leyenda que sigue viva en la memoria colectiva.<\/p>\n","protected":false},"excerpt":{"rendered":"<p>\ud83d\udd38 Mientras algunos ancianos de la ciudad aseguran haber explorado estos pasadizos en su juventud, el misterio persiste, alimentando la fascinaci\u00f3n en torno a esta leyenda que sigue viva en la memoria colectiva. #CAMPECHE Los rumores sobre la existencia de t\u00faneles subterr\u00e1neos en el Centro Hist\u00f3rico de Campeche han perdurado durante siglos, avivando la curiosidad [&hellip;]<\/p>\n","protected":false},"author":1,"featured_media":24963,"comment_status":"open","ping_status":"closed","sticky":false,"template":"","format":"standard","meta":{"footnotes":""},"categories":[132],"tags":[],"class_list":["post-24961","post","type-post","status-publish","format-standard","has-post-thumbnail","hentry","category-campeche"],"_links":{"self":[{"href":"https:\/\/podernacional.com\/index.php?rest_route=\/wp\/v2\/posts\/24961","targetHints":{"allow":["GET"]}}],"collection":[{"href":"https:\/\/podernacional.com\/index.php?rest_route=\/wp\/v2\/posts"}],"about":[{"href":"https:\/\/podernacional.com\/index.php?rest_route=\/wp\/v2\/types\/post"}],"author":[{"embeddable":true,"href":"https:\/\/podernacional.com\/index.php?rest_route=\/wp\/v2\/users\/1"}],"replies":[{"embeddable":true,"href":"https:\/\/podernacional.com\/index.php?rest_route=%2Fwp%2Fv2%2Fcomments&post=24961"}],"version-history":[{"count":1,"href":"https:\/\/podernacional.com\/index.php?rest_route=\/wp\/v2\/posts\/24961\/revisions"}],"predecessor-version":[{"id":24962,"href":"https:\/\/podernacional.com\/index.php?rest_route=\/wp\/v2\/posts\/24961\/revisions\/24962"}],"wp:featuredmedia":[{"embeddable":true,"href":"https:\/\/podernacional.com\/index.php?rest_route=\/wp\/v2\/media\/24963"}],"wp:attachment":[{"href":"https:\/\/podernacional.com\/index.php?rest_route=%2Fwp%2Fv2%2Fmedia&parent=24961"}],"wp:term":[{"taxonomy":"category","embeddable":true,"href":"https:\/\/podernacional.com\/index.php?rest_route=%2Fwp%2Fv2%2Fcategories&post=24961"},{"taxonomy":"post_tag","embeddable":true,"href":"https:\/\/podernacional.com\/index.php?rest_route=%2Fwp%2Fv2%2Ftags&post=24961"}],"curies":[{"name":"wp","href":"https:\/\/api.w.org\/{rel}","templated":true}]}}